{"id":115179,"date":"2021-04-19T05:30:00","date_gmt":"2021-04-19T09:30:00","guid":{"rendered":"https:\/\/linitiative.ca\/International\/la-diaspora-a-la-rescousse-des-necessiteux\/"},"modified":"2021-04-19T05:30:00","modified_gmt":"2021-04-19T09:30:00","slug":"la-diaspora-a-la-rescousse-des-necessiteux","status":"publish","type":"post","link":"https:\/\/linitiative.ca\/International\/la-diaspora-a-la-rescousse-des-necessiteux\/","title":{"rendered":"La diaspora \u00e0 la rescousse des n\u00e9cessiteux"},"content":{"rendered":"<div id=\"originalText\" readability=\"44\">\n<p>Les ressortissants alg\u00e9riens bas\u00e9s en France, en Angleterre et au Canada et originaires de la localit\u00e9 de Dra\u00e2 Ben Khedda (sise \u00e0 10 km \u00e0 l\u2019ouest du chef-lieu de la wilaya Tizi Ouzou) se sont organis\u00e9s pour collecter des fonds et venir \u00e0 la rescousse des familles n\u00e9cessiteuses de Dra\u00e2 Ben Khedda.<\/p>\n<p>En effet, gr\u00e2ce \u00e0 cette louable initiative, la diaspora alg\u00e9rienne a r\u00e9ussi \u00e0 collecter une somme d\u2019argent estim\u00e9e \u00e0 2 000 euros. Selon nos sources, une quarantaine de familles n\u00e9cessiteuses de ladite localit\u00e9 ont pu b\u00e9n\u00e9ficier d\u2019une aide financi\u00e8re de 10 000 DA chacune en cette p\u00e9riode de Ramadhan.<\/p>\n<\/div>\n<div id=\"text_core\" readability=\"44\">\n<p>Les ressortissants alg\u00e9riens bas\u00e9s en France, en Angleterre et au Canada et originaires de la localit\u00e9 de Dra\u00e2 Ben Khedda (sise \u00e0 10 km \u00e0 l\u2019ouest du chef-lieu de la wilaya Tizi Ouzou) se sont organis\u00e9s pour collecter des fonds et venir \u00e0 la rescousse des familles n\u00e9cessiteuses de Dra\u00e2 Ben Khedda.<\/p>\n<p>En effet, gr\u00e2ce \u00e0 cette louable initiative, la diaspora alg\u00e9rienne a r\u00e9ussi \u00e0 collecter une somme d\u2019argent estim\u00e9e \u00e0 2 000 euros. Selon nos sources, une quarantaine de familles n\u00e9cessiteuses de ladite localit\u00e9 ont pu b\u00e9n\u00e9ficier d\u2019une aide financi\u00e8re de 10 000 DA chacune en cette p\u00e9riode de Ramadhan.<\/p>\n<\/div>\n<p>Auteur:<br \/>\n<a href=\"https:\/\/www.liberte-algerie.com\/radar\/la-diaspora-a-la-rescousse-des-necessiteux-357427\">Cliquez ici pour lire l&rsquo;article depuis sa source.<\/a><\/p>\n","protected":false},"excerpt":{"rendered":"<p>Les ressortissants alg\u00e9riens bas\u00e9s en France, en Angleterre et au Canada et originaires de la localit\u00e9 de Dra\u00e2 Ben Khedda (sise \u00e0 10 km \u00e0 l\u2019ouest du chef-lieu de la wilaya Tizi Ouzou) se sont organis\u00e9s pour collecter des fonds et venir \u00e0 la rescousse des familles n\u00e9cessiteuses de Dra\u00e2 Ben Khedda. En effet, gr\u00e2ce [&hellip;]<\/p>\n","protected":false},"author":1742,"featured_media":0,"comment_status":"closed","ping_status":"closed","sticky":false,"template":"","format":"standard","meta":{"fifu_image_url":"","fifu_image_alt":"","footnotes":""},"categories":[73,53],"tags":[],"class_list":["post-115179","post","type-post","status-publish","format-standard","hentry","category-actualite","category-algerie"],"_links":{"self":[{"href":"https:\/\/linitiative.ca\/International\/wp-json\/wp\/v2\/posts\/115179","targetHints":{"allow":["GET"]}}],"collection":[{"href":"https:\/\/linitiative.ca\/International\/wp-json\/wp\/v2\/posts"}],"about":[{"href":"https:\/\/linitiative.ca\/International\/wp-json\/wp\/v2\/types\/post"}],"author":[{"embeddable":true,"href":"https:\/\/linitiative.ca\/International\/wp-json\/wp\/v2\/users\/1742"}],"replies":[{"embeddable":true,"href":"https:\/\/linitiative.ca\/International\/wp-json\/wp\/v2\/comments?post=115179"}],"version-history":[{"count":0,"href":"https:\/\/linitiative.ca\/International\/wp-json\/wp\/v2\/posts\/115179\/revisions"}],"wp:attachment":[{"href":"https:\/\/linitiative.ca\/International\/wp-json\/wp\/v2\/media?parent=115179"}],"wp:term":[{"taxonomy":"category","embeddable":true,"href":"https:\/\/linitiative.ca\/International\/wp-json\/wp\/v2\/categories?post=115179"},{"taxonomy":"post_tag","embeddable":true,"href":"https:\/\/linitiative.ca\/International\/wp-json\/wp\/v2\/tags?post=115179"}],"curies":[{"name":"wp","href":"https:\/\/api.w.org\/{rel}","templated":true}]}}