{"id":115181,"date":"2021-04-19T08:00:00","date_gmt":"2021-04-19T12:00:00","guid":{"rendered":"https:\/\/linitiative.ca\/International\/11-morts-et-738-blesses-depuis-le-debut-du-ramadhan\/"},"modified":"2021-04-19T08:00:00","modified_gmt":"2021-04-19T12:00:00","slug":"11-morts-et-738-blesses-depuis-le-debut-du-ramadhan","status":"publish","type":"post","link":"https:\/\/linitiative.ca\/International\/11-morts-et-738-blesses-depuis-le-debut-du-ramadhan\/","title":{"rendered":"11 morts et 738 bless\u00e9s depuis le d\u00e9but du Ramadhan"},"content":{"rendered":"<div id=\"originalText\" readability=\"70\">\n<p class=\"c6\">Onze personnes sont d\u00e9c\u00e9d\u00e9es et 738 autres ont \u00e9t\u00e9 bless\u00e9es dans des accidents de la circulation survenus \u00e0 travers le territoire national depuis le d\u00e9but du mois de Ramadhan, soit en six jours, indique lundi un bilan de la Direction g\u00e9n\u00e9rale de la Protection civile (DGPC).<\/p>\n<p class=\"c6\">Les personnes sont d\u00e9c\u00e9d\u00e9es \u00e0 Sidi Bel Abbes (2 personnes), Gharda\u00efa (2 personnes) et \u00e0 Bouira, Alger, Illizi, Boumerd\u00e8s, Tipaza, Ain Defla et Timimoun avec une (1) personne morte dans chaque wilaya, pr\u00e9cise le bilan, qui fait par ailleurs \u00e9tat d&rsquo;un mort et de 118 bless\u00e9s dans des accidents de la route enregistr\u00e9s sur le territoire national durant les derni\u00e8res 24 heures.<\/p>\n<p class=\"c6\">S&rsquo;agissant des activit\u00e9s de lutte contre la propagation de la Covid-19, les unit\u00e9s de la Protection civile ont effectu\u00e9, durant les derni\u00e8res 24 heures, 59 op\u00e9rations de sensibilisation \u00e0 travers 5 wilayas (31 communes), portant sur la sensibilisation des citoyens sur la n\u00e9cessit\u00e9 du respect du confinement et de la distanciation physique, et 49 op\u00e9rations de d\u00e9sinfection g\u00e9n\u00e9rale dans 4 wilayas (28 communes), ciblant l&rsquo;ensemble des infrastructures et \u00e9difices publics et priv\u00e9s, quartiers et ruelles.<\/p>\n<p class=\"c6\">Pour ces deux op\u00e9rations, 191 agents, tous grades confondus, 37 ambulances et 18 engins d&rsquo;incendie ont \u00e9t\u00e9 mobilis\u00e9s, indique le bilan, rappelant le num\u00e9ro verts 1021 et le num\u00e9ro de secours 14 mis \u00e0 la disposition des citoyens pour signaler tout accidents ou dangers.<\/p>\n<p class=\"c6\">\u00a0<\/p>\n<p class=\"c7\"><strong>APS<\/strong><\/p>\n<\/div>\n<div id=\"text_core\" readability=\"70\">\n<p class=\"c6\">Onze personnes sont d\u00e9c\u00e9d\u00e9es et 738 autres ont \u00e9t\u00e9 bless\u00e9es dans des accidents de la circulation survenus \u00e0 travers le territoire national depuis le d\u00e9but du mois de Ramadhan, soit en six jours, indique lundi un bilan de la Direction g\u00e9n\u00e9rale de la Protection civile (DGPC).<\/p>\n<p class=\"c6\">Les personnes sont d\u00e9c\u00e9d\u00e9es \u00e0 Sidi Bel Abbes (2 personnes), Gharda\u00efa (2 personnes) et \u00e0 Bouira, Alger, Illizi, Boumerd\u00e8s, Tipaza, Ain Defla et Timimoun avec une (1) personne morte dans chaque wilaya, pr\u00e9cise le bilan, qui fait par ailleurs \u00e9tat d&rsquo;un mort et de 118 bless\u00e9s dans des accidents de la route enregistr\u00e9s sur le territoire national durant les derni\u00e8res 24 heures.<\/p>\n<p class=\"c6\">S&rsquo;agissant des activit\u00e9s de lutte contre la propagation de la Covid-19, les unit\u00e9s de la Protection civile ont effectu\u00e9, durant les derni\u00e8res 24 heures, 59 op\u00e9rations de sensibilisation \u00e0 travers 5 wilayas (31 communes), portant sur la sensibilisation des citoyens sur la n\u00e9cessit\u00e9 du respect du confinement et de la distanciation physique, et 49 op\u00e9rations de d\u00e9sinfection g\u00e9n\u00e9rale dans 4 wilayas (28 communes), ciblant l&rsquo;ensemble des infrastructures et \u00e9difices publics et priv\u00e9s, quartiers et ruelles.<\/p>\n<p class=\"c6\">Pour ces deux op\u00e9rations, 191 agents, tous grades confondus, 37 ambulances et 18 engins d&rsquo;incendie ont \u00e9t\u00e9 mobilis\u00e9s, indique le bilan, rappelant le num\u00e9ro verts 1021 et le num\u00e9ro de secours 14 mis \u00e0 la disposition des citoyens pour signaler tout accidents ou dangers.<\/p>\n<p class=\"c6\">\u00a0<\/p>\n<p class=\"c7\"><strong>APS<\/strong><\/p>\n<\/div>\n<p>Auteur:<br \/>\n<a href=\"https:\/\/www.liberte-algerie.com\/actualite\/11-morts-et-738-blesses-depuis-le-debut-du-ramadhan-357483\">Cliquez ici pour lire l&rsquo;article depuis sa source.<\/a><\/p>\n","protected":false},"excerpt":{"rendered":"<p>Onze personnes sont d\u00e9c\u00e9d\u00e9es et 738 autres ont \u00e9t\u00e9 bless\u00e9es dans des accidents de la circulation survenus \u00e0 travers le territoire national depuis le d\u00e9but du mois de Ramadhan, soit en six jours, indique lundi un bilan de la Direction g\u00e9n\u00e9rale de la Protection civile (DGPC). Les personnes sont d\u00e9c\u00e9d\u00e9es \u00e0 Sidi Bel Abbes (2 [&hellip;]<\/p>\n","protected":false},"author":1742,"featured_media":0,"comment_status":"closed","ping_status":"closed","sticky":false,"template":"","format":"standard","meta":{"fifu_image_url":"","fifu_image_alt":"","footnotes":""},"categories":[73,53],"tags":[],"class_list":["post-115181","post","type-post","status-publish","format-standard","hentry","category-actualite","category-algerie"],"_links":{"self":[{"href":"https:\/\/linitiative.ca\/International\/wp-json\/wp\/v2\/posts\/115181","targetHints":{"allow":["GET"]}}],"collection":[{"href":"https:\/\/linitiative.ca\/International\/wp-json\/wp\/v2\/posts"}],"about":[{"href":"https:\/\/linitiative.ca\/International\/wp-json\/wp\/v2\/types\/post"}],"author":[{"embeddable":true,"href":"https:\/\/linitiative.ca\/International\/wp-json\/wp\/v2\/users\/1742"}],"replies":[{"embeddable":true,"href":"https:\/\/linitiative.ca\/International\/wp-json\/wp\/v2\/comments?post=115181"}],"version-history":[{"count":0,"href":"https:\/\/linitiative.ca\/International\/wp-json\/wp\/v2\/posts\/115181\/revisions"}],"wp:attachment":[{"href":"https:\/\/linitiative.ca\/International\/wp-json\/wp\/v2\/media?parent=115181"}],"wp:term":[{"taxonomy":"category","embeddable":true,"href":"https:\/\/linitiative.ca\/International\/wp-json\/wp\/v2\/categories?post=115181"},{"taxonomy":"post_tag","embeddable":true,"href":"https:\/\/linitiative.ca\/International\/wp-json\/wp\/v2\/tags?post=115181"}],"curies":[{"name":"wp","href":"https:\/\/api.w.org\/{rel}","templated":true}]}}