{"id":115182,"date":"2021-04-19T11:10:00","date_gmt":"2021-04-19T15:10:00","guid":{"rendered":"https:\/\/linitiative.ca\/International\/le-correspondant-de-liberte-a-tamanrasset-place-sous-mandat-de-depot\/"},"modified":"2021-04-19T11:10:00","modified_gmt":"2021-04-19T15:10:00","slug":"le-correspondant-de-liberte-a-tamanrasset-place-sous-mandat-de-depot","status":"publish","type":"post","link":"https:\/\/linitiative.ca\/International\/le-correspondant-de-liberte-a-tamanrasset-place-sous-mandat-de-depot\/","title":{"rendered":"Le correspondant de Libert\u00e9 \u00e0 Tamanrasset plac\u00e9 sous mandat de d\u00e9p\u00f4t"},"content":{"rendered":"<div id=\"originalText\" readability=\"52\">\n<p class=\"c6\">Le correspondant de Libert\u00e9 \u00e0 Tamanrasset, Rabah Kar\u00e8che, a \u00e9t\u00e9 plac\u00e9, ce lundi, sous mandat de d\u00e9p\u00f4t, apr\u00e8s avoir pass\u00e9 la nuit dans les locaux du commissariat central, puis pr\u00e9sent\u00e9, ce matin, devant procureur de la r\u00e9publique, et ensuite le juge d\u2019instruction pr\u00e8s le tribunal de Tamanrasset.<\/p>\n<p class=\"c6\">La convocation du journaliste Rabah Kar\u00e8che, hier, par les services de police, provient apr\u00e8s la publication dans l\u2019\u00e9dition du dimanche 18 avril de Libert\u00e9, d\u2019un article sur une manifestation de\u00a0contre le nouveau d\u00e9coupage territorial.<\/p>\n<p class=\"c7\"><strong>R\u00e9daction Web\u00a0<\/strong><\/p>\n<\/div>\n<div id=\"text_core\" readability=\"52\">\n<p class=\"c6\">Le correspondant de Libert\u00e9 \u00e0 Tamanrasset, Rabah Kar\u00e8che, a \u00e9t\u00e9 plac\u00e9, ce lundi, sous mandat de d\u00e9p\u00f4t, apr\u00e8s avoir pass\u00e9 la nuit dans les locaux du commissariat central, puis pr\u00e9sent\u00e9, ce matin, devant procureur de la r\u00e9publique, et ensuite le juge d\u2019instruction pr\u00e8s le tribunal de Tamanrasset.<\/p>\n<p class=\"c6\">La convocation du journaliste Rabah Kar\u00e8che, hier, par les services de police, provient apr\u00e8s la publication dans l\u2019\u00e9dition du dimanche 18 avril de Libert\u00e9, d\u2019un article sur une manifestation de\u00a0contre le nouveau d\u00e9coupage territorial.<\/p>\n<p class=\"c7\"><strong>R\u00e9daction Web\u00a0<\/strong><\/p>\n<\/div>\n<p>Auteur:<br \/>\n<a href=\"https:\/\/www.liberte-algerie.com\/actualite\/le-correspondant-de-liberte-a-tamanrasset-place-sous-mandat-de-depot-357485\">Cliquez ici pour lire l&rsquo;article depuis sa source.<\/a><\/p>\n","protected":false},"excerpt":{"rendered":"<p>Le correspondant de Libert\u00e9 \u00e0 Tamanrasset, Rabah Kar\u00e8che, a \u00e9t\u00e9 plac\u00e9, ce lundi, sous mandat de d\u00e9p\u00f4t, apr\u00e8s avoir pass\u00e9 la nuit dans les locaux du commissariat central, puis pr\u00e9sent\u00e9, ce matin, devant procureur de la r\u00e9publique, et ensuite le juge d\u2019instruction pr\u00e8s le tribunal de Tamanrasset. La convocation du journaliste Rabah Kar\u00e8che, hier, par [&hellip;]<\/p>\n","protected":false},"author":1742,"featured_media":0,"comment_status":"closed","ping_status":"closed","sticky":false,"template":"","format":"standard","meta":{"fifu_image_url":"","fifu_image_alt":"","footnotes":""},"categories":[73,53],"tags":[],"class_list":["post-115182","post","type-post","status-publish","format-standard","hentry","category-actualite","category-algerie"],"_links":{"self":[{"href":"https:\/\/linitiative.ca\/International\/wp-json\/wp\/v2\/posts\/115182","targetHints":{"allow":["GET"]}}],"collection":[{"href":"https:\/\/linitiative.ca\/International\/wp-json\/wp\/v2\/posts"}],"about":[{"href":"https:\/\/linitiative.ca\/International\/wp-json\/wp\/v2\/types\/post"}],"author":[{"embeddable":true,"href":"https:\/\/linitiative.ca\/International\/wp-json\/wp\/v2\/users\/1742"}],"replies":[{"embeddable":true,"href":"https:\/\/linitiative.ca\/International\/wp-json\/wp\/v2\/comments?post=115182"}],"version-history":[{"count":0,"href":"https:\/\/linitiative.ca\/International\/wp-json\/wp\/v2\/posts\/115182\/revisions"}],"wp:attachment":[{"href":"https:\/\/linitiative.ca\/International\/wp-json\/wp\/v2\/media?parent=115182"}],"wp:term":[{"taxonomy":"category","embeddable":true,"href":"https:\/\/linitiative.ca\/International\/wp-json\/wp\/v2\/categories?post=115182"},{"taxonomy":"post_tag","embeddable":true,"href":"https:\/\/linitiative.ca\/International\/wp-json\/wp\/v2\/tags?post=115182"}],"curies":[{"name":"wp","href":"https:\/\/api.w.org\/{rel}","templated":true}]}}