{"id":115185,"date":"2021-04-19T11:09:52","date_gmt":"2021-04-19T15:09:52","guid":{"rendered":"https:\/\/linitiative.ca\/International\/cooperatives-un-recensement-general-lance-cette-annee\/"},"modified":"2021-04-19T11:09:52","modified_gmt":"2021-04-19T15:09:52","slug":"cooperatives-un-recensement-general-lance-cette-annee","status":"publish","type":"post","link":"https:\/\/linitiative.ca\/International\/cooperatives-un-recensement-general-lance-cette-annee\/","title":{"rendered":"Coop\u00e9ratives: Un recensement g\u00e9n\u00e9ral lanc\u00e9 cette ann\u00e9e"},"content":{"rendered":"<p class=\"rtejustify\">L&rsquo;Office du D\u00e9veloppent de la Coop\u00e9ration (ODCO) a annonc\u00e9 la r\u00e9alisation, au cours de l&rsquo;ann\u00e9e 2021, d&rsquo;un recensement g\u00e9n\u00e9ral des coop\u00e9ratives et leurs unions au Maroc, sous l\u2019\u00e9gide du minist\u00e8re du Tourisme, de l\u2019Artisanat, du Transport a\u00e9rien et de l\u2019\u00c9conomie sociale.<\/p>\n<p class=\"rtejustify\">Ce recensement permettra de collecter les donn\u00e9es\u00a0relatives aux coop\u00e9ratives, notamment\u00a0leurs situations administratives et comptables, modes de gouvernance, gestion des ressources humaines, investissements, production, logistique et commercialisation, indique l&rsquo;ODCO. Selon les derniers chiffres officiels, le Maroc compte plus de 30.000 coop\u00e9ratives \u00e0 fin 2020 contre seulement 3.000 en 1998. Ce recensement permettra de disposer de donn\u00e9es actualis\u00e9es et de comprendre la contribution des coop\u00e9ratives\u00a0dans les agr\u00e9gats \u00e9conomiques nationaux.<\/p>\n<p class=\"rtejustify\">\u00a0<\/p>\n<p>Auteur: hgueye<br \/>\n<a href=\"https:\/\/www.leconomiste.com\/flash-infos\/cooperatives-un-recensement-general-lance-cette-annee\">Cliquez ici pour lire l&rsquo;article depuis sa source.<\/a><\/p>\n","protected":false},"excerpt":{"rendered":"<p>L&rsquo;Office du D\u00e9veloppent de la Coop\u00e9ration (ODCO) a annonc\u00e9 la r\u00e9alisation, au cours de l&rsquo;ann\u00e9e 2021, d&rsquo;un recensement g\u00e9n\u00e9ral des coop\u00e9ratives et leurs unions au Maroc, sous l\u2019\u00e9gide du minist\u00e8re du Tourisme, de l\u2019Artisanat, du Transport a\u00e9rien et de l\u2019\u00c9conomie sociale. Ce recensement permettra de collecter les donn\u00e9es\u00a0relatives aux coop\u00e9ratives, notamment\u00a0leurs situations administratives et comptables, [&hellip;]<\/p>\n","protected":false},"author":1763,"featured_media":0,"comment_status":"closed","ping_status":"closed","sticky":false,"template":"","format":"standard","meta":{"fifu_image_url":"","fifu_image_alt":"","footnotes":""},"categories":[78,54],"tags":[],"class_list":["post-115185","post","type-post","status-publish","format-standard","hentry","category-economie","category-maroc"],"_links":{"self":[{"href":"https:\/\/linitiative.ca\/International\/wp-json\/wp\/v2\/posts\/115185","targetHints":{"allow":["GET"]}}],"collection":[{"href":"https:\/\/linitiative.ca\/International\/wp-json\/wp\/v2\/posts"}],"about":[{"href":"https:\/\/linitiative.ca\/International\/wp-json\/wp\/v2\/types\/post"}],"author":[{"embeddable":true,"href":"https:\/\/linitiative.ca\/International\/wp-json\/wp\/v2\/users\/1763"}],"replies":[{"embeddable":true,"href":"https:\/\/linitiative.ca\/International\/wp-json\/wp\/v2\/comments?post=115185"}],"version-history":[{"count":0,"href":"https:\/\/linitiative.ca\/International\/wp-json\/wp\/v2\/posts\/115185\/revisions"}],"wp:attachment":[{"href":"https:\/\/linitiative.ca\/International\/wp-json\/wp\/v2\/media?parent=115185"}],"wp:term":[{"taxonomy":"category","embeddable":true,"href":"https:\/\/linitiative.ca\/International\/wp-json\/wp\/v2\/categories?post=115185"},{"taxonomy":"post_tag","embeddable":true,"href":"https:\/\/linitiative.ca\/International\/wp-json\/wp\/v2\/tags?post=115185"}],"curies":[{"name":"wp","href":"https:\/\/api.w.org\/{rel}","templated":true}]}}