{"id":115189,"date":"2021-04-19T15:14:23","date_gmt":"2021-04-19T19:14:23","guid":{"rendered":"https:\/\/linitiative.ca\/International\/equipe-dalgerie-mahrez-et-bennacer-prives-de-coupe-du-monde-en-cas-de-super-ligue\/"},"modified":"2021-04-19T15:14:23","modified_gmt":"2021-04-19T19:14:23","slug":"equipe-dalgerie-mahrez-et-bennacer-prives-de-coupe-du-monde-en-cas-de-super-ligue","status":"publish","type":"post","link":"https:\/\/linitiative.ca\/International\/equipe-dalgerie-mahrez-et-bennacer-prives-de-coupe-du-monde-en-cas-de-super-ligue\/","title":{"rendered":"Equipe d&rsquo;Alg\u00e9rie : Mahrez et Bennacer priv\u00e9s de Coupe du Monde en cas de Super Ligue ?"},"content":{"rendered":"<div readability=\"32\">\n<p>Auteur : <span class=\"time\">lundi 19 avril 2021 12:58<\/span><\/p>\n<\/div>\n<div id=\"post_core\" readability=\"46\">\n<p>Si le projet de Super Ligue devait aller \u00e0 son terme, par exemple d\u00e8s la saison prochaine, les footballeurs des clubs participant \u00e0 ce projet risquent de figurer au beau milieu d\u2019une bataille juridique. Car comme l&rsquo;indique Le Monde, l\u2019UEFA a r\u00e9it\u00e9r\u00e9 sa menace\u00a0: dans un communiqu\u00e9 en date du 18\u00a0avril, l\u2019instance dirigeante du football europ\u00e9en a pr\u00e9venu les sportifs qu\u2019ils \u00ab\u00a0pourraient se voir refuser la possibilit\u00e9 de repr\u00e9senter leur \u00e9quipe nationale\u00a0\u00bb en cas de participation \u00e0 la\u00a0Superligue.<\/p>\n<p>La sanction pourrait-elle prendre effet d\u00e8s la Coupe du monde 2022 au Qatar\u00a0? La question int\u00e9resse \u00e9videmment la s\u00e9lection alg\u00e9rienne avec Riyad Mahrez et Isma\u00ebl Bennacer qui \u00e9voluent respectivement \u00e0 Manchester City et au Milan AC, deux clubs fondateurs du projet de Super Ligue. Pour l\u2019heure, nous n&rsquo;en sommes pas encore l\u00e0 vu que la FIFA n&rsquo;a pour sa part pas brandi de telles menaces. Affaire \u00e0 suivre.<\/p>\n<p><strong>Publi\u00e9 dans :<\/strong> <span>Mahrez<\/span><\/p>\n<\/div>\n<p>Auteur:<br \/>\n<a href=\"http:\/\/www.lebuteur.com\/article\/detail?titre=mahrez-et-bennacer-prives-de-coupe-du-monde-en-cas-de-super-ligue&#038;id=99770&#038;utm_source=feedburner&#038;utm_medium=feed&#038;utm_campaign=Feed%3A+GalerieFArtciles+%28Les+derniers+articles++-+lebuteur.com%29\">Cliquez ici pour lire l&rsquo;article depuis sa source.<\/a><\/p>\n","protected":false},"excerpt":{"rendered":"<p>Auteur : lundi 19 avril 2021 12:58 Si le projet de Super Ligue devait aller \u00e0 son terme, par exemple d\u00e8s la saison prochaine, les footballeurs des clubs participant \u00e0 ce projet risquent de figurer au beau milieu d\u2019une bataille juridique. Car comme l&rsquo;indique Le Monde, l\u2019UEFA a r\u00e9it\u00e9r\u00e9 sa menace\u00a0: dans un communiqu\u00e9 en [&hellip;]<\/p>\n","protected":false},"author":1738,"featured_media":0,"comment_status":"closed","ping_status":"closed","sticky":false,"template":"","format":"standard","meta":{"fifu_image_url":"\/\/cdn.lebuteur.com\/data\/images\/article\/thumbs\/large-mahrez-et-bennacer-prives-de-coupe-du-monde-en-cas-de-super-ligue-4264f.jpg","fifu_image_alt":"Equipe d'Alg\u00e9rie : Mahrez et Bennacer priv\u00e9s de Coupe du Monde en cas de Super Ligue ?","footnotes":""},"categories":[53,75],"tags":[],"class_list":["post-115189","post","type-post","status-publish","format-standard","hentry","category-algerie","category-sport"],"_links":{"self":[{"href":"https:\/\/linitiative.ca\/International\/wp-json\/wp\/v2\/posts\/115189","targetHints":{"allow":["GET"]}}],"collection":[{"href":"https:\/\/linitiative.ca\/International\/wp-json\/wp\/v2\/posts"}],"about":[{"href":"https:\/\/linitiative.ca\/International\/wp-json\/wp\/v2\/types\/post"}],"author":[{"embeddable":true,"href":"https:\/\/linitiative.ca\/International\/wp-json\/wp\/v2\/users\/1738"}],"replies":[{"embeddable":true,"href":"https:\/\/linitiative.ca\/International\/wp-json\/wp\/v2\/comments?post=115189"}],"version-history":[{"count":0,"href":"https:\/\/linitiative.ca\/International\/wp-json\/wp\/v2\/posts\/115189\/revisions"}],"wp:attachment":[{"href":"https:\/\/linitiative.ca\/International\/wp-json\/wp\/v2\/media?parent=115189"}],"wp:term":[{"taxonomy":"category","embeddable":true,"href":"https:\/\/linitiative.ca\/International\/wp-json\/wp\/v2\/categories?post=115189"},{"taxonomy":"post_tag","embeddable":true,"href":"https:\/\/linitiative.ca\/International\/wp-json\/wp\/v2\/tags?post=115189"}],"curies":[{"name":"wp","href":"https:\/\/api.w.org\/{rel}","templated":true}]}}