{"id":115190,"date":"2021-04-19T15:14:26","date_gmt":"2021-04-19T19:14:26","guid":{"rendered":"https:\/\/linitiative.ca\/International\/pros-un-international-algerien-reagit-au-projet-de-super-ligue\/"},"modified":"2021-04-19T15:14:26","modified_gmt":"2021-04-19T19:14:26","slug":"pros-un-international-algerien-reagit-au-projet-de-super-ligue","status":"publish","type":"post","link":"https:\/\/linitiative.ca\/International\/pros-un-international-algerien-reagit-au-projet-de-super-ligue\/","title":{"rendered":"Pros : Un international alg\u00e9rien r\u00e9agit au projet de Super Ligue"},"content":{"rendered":"<div readability=\"32\">\n<p>Auteur : <span class=\"time\">lundi 19 avril 2021 13:34<\/span><\/p>\n<\/div>\n<div id=\"post_core\" readability=\"38\">\n<p>Apr\u00e8s Ander Herrera, c\u2019est au tour d\u2019Andy Delort. L&rsquo;Espagnol fut le premier joueur de Ligue 1 \u00e0 \u00e9voquer la Super League, critiquant virulemment ce format.\u00a0Et l&rsquo;international alg\u00e9rien est du m\u00eame avis que le Parisien : la Super League n\u2019a pas lieu d\u2019\u00eatre comme l&rsquo;indique Onzemondial. En r\u00e9ponse \u00e0 un internaute qui lui demandait son avis sur la nouvelle comp\u00e9tition, l\u2019Alg\u00e9rien avance : \u00ab\u00a0La quoi ? La richesse ne suffit pas pour atteindre le bonheur\u00a0\u00bb. Il faudra donc attendre pour voir un joueur r\u00e9agir positivement \u00e0 la nouvelle.<\/p>\n<p><strong>Publi\u00e9 dans :<\/strong> <span>algerie<\/span><\/p>\n<\/div>\n<p>Auteur:<br \/>\n<a href=\"http:\/\/www.lebuteur.com\/article\/detail?titre=un-international-algerien-reagit-au-projet-de-super-ligue&#038;id=99771&#038;utm_source=feedburner&#038;utm_medium=feed&#038;utm_campaign=Feed%3A+GalerieFArtciles+%28Les+derniers+articles++-+lebuteur.com%29\">Cliquez ici pour lire l&rsquo;article depuis sa source.<\/a><\/p>\n","protected":false},"excerpt":{"rendered":"<p>Auteur : lundi 19 avril 2021 13:34 Apr\u00e8s Ander Herrera, c\u2019est au tour d\u2019Andy Delort. L&rsquo;Espagnol fut le premier joueur de Ligue 1 \u00e0 \u00e9voquer la Super League, critiquant virulemment ce format.\u00a0Et l&rsquo;international alg\u00e9rien est du m\u00eame avis que le Parisien : la Super League n\u2019a pas lieu d\u2019\u00eatre comme l&rsquo;indique Onzemondial. En r\u00e9ponse \u00e0 [&hellip;]<\/p>\n","protected":false},"author":1738,"featured_media":0,"comment_status":"closed","ping_status":"closed","sticky":false,"template":"","format":"standard","meta":{"fifu_image_url":"\/\/cdn.lebuteur.com\/data\/images\/article\/thumbs\/large-un-international-algerien-reagit-au-projet-de-super-ligue-a2635.jpg","fifu_image_alt":"Pros : Un international alg\u00e9rien r\u00e9agit au projet de Super Ligue","footnotes":""},"categories":[53,75],"tags":[],"class_list":["post-115190","post","type-post","status-publish","format-standard","hentry","category-algerie","category-sport"],"_links":{"self":[{"href":"https:\/\/linitiative.ca\/International\/wp-json\/wp\/v2\/posts\/115190","targetHints":{"allow":["GET"]}}],"collection":[{"href":"https:\/\/linitiative.ca\/International\/wp-json\/wp\/v2\/posts"}],"about":[{"href":"https:\/\/linitiative.ca\/International\/wp-json\/wp\/v2\/types\/post"}],"author":[{"embeddable":true,"href":"https:\/\/linitiative.ca\/International\/wp-json\/wp\/v2\/users\/1738"}],"replies":[{"embeddable":true,"href":"https:\/\/linitiative.ca\/International\/wp-json\/wp\/v2\/comments?post=115190"}],"version-history":[{"count":0,"href":"https:\/\/linitiative.ca\/International\/wp-json\/wp\/v2\/posts\/115190\/revisions"}],"wp:attachment":[{"href":"https:\/\/linitiative.ca\/International\/wp-json\/wp\/v2\/media?parent=115190"}],"wp:term":[{"taxonomy":"category","embeddable":true,"href":"https:\/\/linitiative.ca\/International\/wp-json\/wp\/v2\/categories?post=115190"},{"taxonomy":"post_tag","embeddable":true,"href":"https:\/\/linitiative.ca\/International\/wp-json\/wp\/v2\/tags?post=115190"}],"curies":[{"name":"wp","href":"https:\/\/api.w.org\/{rel}","templated":true}]}}