{"id":115191,"date":"2021-04-19T15:14:28","date_gmt":"2021-04-19T19:14:28","guid":{"rendered":"https:\/\/linitiative.ca\/International\/international-guardiola-explique-les-raisons-de-la-non-participation-de-mahrez-face-a-chelsea\/"},"modified":"2021-04-19T15:14:28","modified_gmt":"2021-04-19T19:14:28","slug":"international-guardiola-explique-les-raisons-de-la-non-participation-de-mahrez-face-a-chelsea","status":"publish","type":"post","link":"https:\/\/linitiative.ca\/International\/international-guardiola-explique-les-raisons-de-la-non-participation-de-mahrez-face-a-chelsea\/","title":{"rendered":"International : Guardiola explique les raisons de la non-participation de Mahrez face \u00e0 Chelsea"},"content":{"rendered":"<div readability=\"32\">\n<p>Auteur : <span>Riad O.<\/span> <span class=\"time\">lundi 19 avril 2021 17:51<\/span><\/p>\n<\/div>\n<div id=\"post_core\" readability=\"40\">\n<p>L\u2019entra\u00eeneur espagnol de Manchester City, Pep Guardiola a expliqu\u00e9 les raisons de la non-participation face \u00e0 Chelsea des joueurs qui ont \u00e9t\u00e9 titularis\u00e9 quelques jours auparavant face au Borussia Dortmund en FA Cup\u00a0:\u00a0\u00abJ\u2019ai pens\u00e9 \u00e0 reconduire le m\u00eame onze align\u00e9 face au Borussia Dortmund lors du match de la FA Cup face \u00e0 Chelsea, mais la situation \u00e9tait difficile.\u00bb a-t-il d\u00e9clar\u00e9, avant d\u2019ajouter\u00a0:\u00a0\u00abCette saison, la situation est plus difficile qu\u2019auparavant en raison des blessures. Nous avons des joueurs qui sont \u00e0 la limite sur le plan physique.\u00bb Titularis\u00e9 face au Borussia Dortmund en LDC, Mahrez est rest\u00e9 sur le banc face \u00e0 Chelsea en FA Cup.\u00a0\u00a0<\/p>\n<p><span class=\"c2\"><strong>Riad O.<\/strong><\/span><\/p>\n<p><strong>Publi\u00e9 dans :<\/strong> <span>Mahrez<\/span><\/p>\n<\/div>\n<p>Auteur:<br \/>\n<a href=\"http:\/\/www.lebuteur.com\/article\/detail?titre=guardiola-explique-les-raisons-de-la-non-participation-de-mahrez-face-a-chelsea&#038;id=99772&#038;utm_source=feedburner&#038;utm_medium=feed&#038;utm_campaign=Feed%3A+GalerieFArtciles+%28Les+derniers+articles++-+lebuteur.com%29\">Cliquez ici pour lire l&rsquo;article depuis sa source.<\/a><\/p>\n","protected":false},"excerpt":{"rendered":"<p>Auteur : Riad O. lundi 19 avril 2021 17:51 L\u2019entra\u00eeneur espagnol de Manchester City, Pep Guardiola a expliqu\u00e9 les raisons de la non-participation face \u00e0 Chelsea des joueurs qui ont \u00e9t\u00e9 titularis\u00e9 quelques jours auparavant face au Borussia Dortmund en FA Cup\u00a0:\u00a0\u00abJ\u2019ai pens\u00e9 \u00e0 reconduire le m\u00eame onze align\u00e9 face au Borussia Dortmund lors du [&hellip;]<\/p>\n","protected":false},"author":1738,"featured_media":0,"comment_status":"closed","ping_status":"closed","sticky":false,"template":"","format":"standard","meta":{"fifu_image_url":"\/\/cdn.lebuteur.com\/data\/images\/article\/thumbs\/large-guardiola-explique-les-raisons-de-la-non-participation-de-mahrez-face-a-chelsea-fbdea.jpg","fifu_image_alt":"International : Guardiola explique les raisons de la non-participation de Mahrez face \u00e0 Chelsea","footnotes":""},"categories":[53,75],"tags":[],"class_list":["post-115191","post","type-post","status-publish","format-standard","hentry","category-algerie","category-sport"],"_links":{"self":[{"href":"https:\/\/linitiative.ca\/International\/wp-json\/wp\/v2\/posts\/115191","targetHints":{"allow":["GET"]}}],"collection":[{"href":"https:\/\/linitiative.ca\/International\/wp-json\/wp\/v2\/posts"}],"about":[{"href":"https:\/\/linitiative.ca\/International\/wp-json\/wp\/v2\/types\/post"}],"author":[{"embeddable":true,"href":"https:\/\/linitiative.ca\/International\/wp-json\/wp\/v2\/users\/1738"}],"replies":[{"embeddable":true,"href":"https:\/\/linitiative.ca\/International\/wp-json\/wp\/v2\/comments?post=115191"}],"version-history":[{"count":0,"href":"https:\/\/linitiative.ca\/International\/wp-json\/wp\/v2\/posts\/115191\/revisions"}],"wp:attachment":[{"href":"https:\/\/linitiative.ca\/International\/wp-json\/wp\/v2\/media?parent=115191"}],"wp:term":[{"taxonomy":"category","embeddable":true,"href":"https:\/\/linitiative.ca\/International\/wp-json\/wp\/v2\/categories?post=115191"},{"taxonomy":"post_tag","embeddable":true,"href":"https:\/\/linitiative.ca\/International\/wp-json\/wp\/v2\/tags?post=115191"}],"curies":[{"name":"wp","href":"https:\/\/api.w.org\/{rel}","templated":true}]}}