{"id":115192,"date":"2021-04-19T15:14:31","date_gmt":"2021-04-19T19:14:31","guid":{"rendered":"https:\/\/linitiative.ca\/International\/pros-oukidja-sillustre-avec-le-fc-metz\/"},"modified":"2021-04-19T15:14:31","modified_gmt":"2021-04-19T19:14:31","slug":"pros-oukidja-sillustre-avec-le-fc-metz","status":"publish","type":"post","link":"https:\/\/linitiative.ca\/International\/pros-oukidja-sillustre-avec-le-fc-metz\/","title":{"rendered":"Pros : Oukidja s\u2019illustre avec le FC Metz"},"content":{"rendered":"<div readability=\"32\">\n<p>Auteur : <span class=\"time\">lundi 19 avril 2021 17:56<\/span><\/p>\n<\/div>\n<div id=\"post_core\" readability=\"40\">\n<p>Le gardien de but Alg\u00e9rien du FC Metz, Alexandre Oukidja a \u00e9t\u00e9 \u00e9lu homme du match face \u00e0 Reims par le quotidien fran\u00e7ais, l\u2019Equipe: \u00abAuteur de deux tr\u00e8s belles interventions coup sur coup face \u00e0 Tour\u00e9 (29e, 30e), le gardien international Alg\u00e9rien a aussi r\u00e9ussi une superbe relance au pied vers Leya Iseka (45e)en premi\u00e8re p\u00e9riode. Encore auteur d\u2019une superbe parade devant Mbuku (51e) et Dia (55e), sa seconde mi-temps a \u00e9t\u00e9 \u00e0 l\u2019avenant. D\u00e9cisif\u00bb lit-on sur les colonnes dans l\u2019Equipe qui lui attribu\u00e9 la note de 7\/10 pour sa bonne prestation face \u00e0 Reims.<\/p>\n<p><strong>Publi\u00e9 dans :<\/strong> <span>Oukidja<\/span><\/p>\n<\/div>\n<p>Auteur:<br \/>\n<a href=\"http:\/\/www.lebuteur.com\/article\/detail?titre=oukidja-sillustre-avec-le-fc-metz&#038;id=99773&#038;utm_source=feedburner&#038;utm_medium=feed&#038;utm_campaign=Feed%3A+GalerieFArtciles+%28Les+derniers+articles++-+lebuteur.com%29\">Cliquez ici pour lire l&rsquo;article depuis sa source.<\/a><\/p>\n","protected":false},"excerpt":{"rendered":"<p>Auteur : lundi 19 avril 2021 17:56 Le gardien de but Alg\u00e9rien du FC Metz, Alexandre Oukidja a \u00e9t\u00e9 \u00e9lu homme du match face \u00e0 Reims par le quotidien fran\u00e7ais, l\u2019Equipe: \u00abAuteur de deux tr\u00e8s belles interventions coup sur coup face \u00e0 Tour\u00e9 (29e, 30e), le gardien international Alg\u00e9rien a aussi r\u00e9ussi une superbe relance [&hellip;]<\/p>\n","protected":false},"author":1738,"featured_media":0,"comment_status":"closed","ping_status":"closed","sticky":false,"template":"","format":"standard","meta":{"fifu_image_url":"\/\/cdn.lebuteur.com\/data\/images\/article\/thumbs\/large-oukidja-sillustre-avec-le-fc-metz-8a33a.jpg","fifu_image_alt":"Pros : Oukidja s\u2019illustre avec le FC Metz","footnotes":""},"categories":[53,75],"tags":[],"class_list":["post-115192","post","type-post","status-publish","format-standard","hentry","category-algerie","category-sport"],"_links":{"self":[{"href":"https:\/\/linitiative.ca\/International\/wp-json\/wp\/v2\/posts\/115192","targetHints":{"allow":["GET"]}}],"collection":[{"href":"https:\/\/linitiative.ca\/International\/wp-json\/wp\/v2\/posts"}],"about":[{"href":"https:\/\/linitiative.ca\/International\/wp-json\/wp\/v2\/types\/post"}],"author":[{"embeddable":true,"href":"https:\/\/linitiative.ca\/International\/wp-json\/wp\/v2\/users\/1738"}],"replies":[{"embeddable":true,"href":"https:\/\/linitiative.ca\/International\/wp-json\/wp\/v2\/comments?post=115192"}],"version-history":[{"count":0,"href":"https:\/\/linitiative.ca\/International\/wp-json\/wp\/v2\/posts\/115192\/revisions"}],"wp:attachment":[{"href":"https:\/\/linitiative.ca\/International\/wp-json\/wp\/v2\/media?parent=115192"}],"wp:term":[{"taxonomy":"category","embeddable":true,"href":"https:\/\/linitiative.ca\/International\/wp-json\/wp\/v2\/categories?post=115192"},{"taxonomy":"post_tag","embeddable":true,"href":"https:\/\/linitiative.ca\/International\/wp-json\/wp\/v2\/tags?post=115192"}],"curies":[{"name":"wp","href":"https:\/\/api.w.org\/{rel}","templated":true}]}}