{"id":115193,"date":"2021-04-19T15:14:34","date_gmt":"2021-04-19T19:14:34","guid":{"rendered":"https:\/\/linitiative.ca\/International\/international-ldc-le-real-madrid-chelsea-et-manchester-city-punis-des-ce-vendredi\/"},"modified":"2021-04-19T15:14:34","modified_gmt":"2021-04-19T19:14:34","slug":"international-ldc-le-real-madrid-chelsea-et-manchester-city-punis-des-ce-vendredi","status":"publish","type":"post","link":"https:\/\/linitiative.ca\/International\/international-ldc-le-real-madrid-chelsea-et-manchester-city-punis-des-ce-vendredi\/","title":{"rendered":"International : LDC : Le Real Madrid, Chelsea et Manchester City punis d\u00e8s ce vendredi ?"},"content":{"rendered":"<div readability=\"32\">\n<p>Auteur : <span class=\"time\">lundi 19 avril 2021 19:12<\/span><\/p>\n<\/div>\n<div id=\"post_core\" readability=\"45\">\n<p>Jesper M\u00f8ller si\u00e8ge au comit\u00e9 ex\u00e9cutif de l\u2019UEFA, et a annonc\u00e9 que l&rsquo;Association europ\u00e9enne de football pourrait exclure les trois clubs d\u00e8s ce vendredi. D\u2019apr\u00e8s les informations du m\u00e9dia danois\u00a0 DR Sporten que rapporte Onzemondial, les clubs de Manchester City, Chelsea et le Real Madrid pourraient \u00eatre exclus de la Ligue des Champions. Les trois font partie des 12 clubs derri\u00e8re le concept de la Super League :<\/p>\n<p>\u00ab\u00a0Il y aura une r\u00e9union extraordinaire du comit\u00e9 ex\u00e9cutif de l&rsquo;UEFA vendredi. Je m&rsquo;attends \u00e0 ce que les 12 clubs soient expuls\u00e9s \u00e0 ce moment-l\u00e0. Ces clubs doivent partir et je m&rsquo;attends \u00e0 ce que cela se produise vendredi. Puis nous devrons trouver comment finir la Ligue des champions de cette saison.\u00a0\u00bb Encore une nouvelle qui devrait agiter le monde du football.<\/p>\n<p><strong>Publi\u00e9 dans :<\/strong> <span>real madrid<\/span><\/p>\n<\/div>\n<p>Auteur:<br \/>\n<a href=\"http:\/\/www.lebuteur.com\/article\/detail?titre=ldc-le-real-madrid-chelsea-et-manchester-city-punis-des-ce-vendredi&#038;id=99774&#038;utm_source=feedburner&#038;utm_medium=feed&#038;utm_campaign=Feed%3A+GalerieFArtciles+%28Les+derniers+articles++-+lebuteur.com%29\">Cliquez ici pour lire l&rsquo;article depuis sa source.<\/a><\/p>\n","protected":false},"excerpt":{"rendered":"<p>Auteur : lundi 19 avril 2021 19:12 Jesper M\u00f8ller si\u00e8ge au comit\u00e9 ex\u00e9cutif de l\u2019UEFA, et a annonc\u00e9 que l&rsquo;Association europ\u00e9enne de football pourrait exclure les trois clubs d\u00e8s ce vendredi. D\u2019apr\u00e8s les informations du m\u00e9dia danois\u00a0 DR Sporten que rapporte Onzemondial, les clubs de Manchester City, Chelsea et le Real Madrid pourraient \u00eatre exclus [&hellip;]<\/p>\n","protected":false},"author":1738,"featured_media":0,"comment_status":"closed","ping_status":"closed","sticky":false,"template":"","format":"standard","meta":{"fifu_image_url":"\/\/cdn.lebuteur.com\/data\/images\/article\/thumbs\/large-ldc-le-real-madrid-chelsea-et-manchester-city-punis-des-ce-vendredi-4cbab.jpg","fifu_image_alt":"International : LDC : Le Real Madrid, Chelsea et Manchester City punis d\u00e8s ce vendredi ?","footnotes":""},"categories":[53,75],"tags":[],"class_list":["post-115193","post","type-post","status-publish","format-standard","hentry","category-algerie","category-sport"],"_links":{"self":[{"href":"https:\/\/linitiative.ca\/International\/wp-json\/wp\/v2\/posts\/115193","targetHints":{"allow":["GET"]}}],"collection":[{"href":"https:\/\/linitiative.ca\/International\/wp-json\/wp\/v2\/posts"}],"about":[{"href":"https:\/\/linitiative.ca\/International\/wp-json\/wp\/v2\/types\/post"}],"author":[{"embeddable":true,"href":"https:\/\/linitiative.ca\/International\/wp-json\/wp\/v2\/users\/1738"}],"replies":[{"embeddable":true,"href":"https:\/\/linitiative.ca\/International\/wp-json\/wp\/v2\/comments?post=115193"}],"version-history":[{"count":0,"href":"https:\/\/linitiative.ca\/International\/wp-json\/wp\/v2\/posts\/115193\/revisions"}],"wp:attachment":[{"href":"https:\/\/linitiative.ca\/International\/wp-json\/wp\/v2\/media?parent=115193"}],"wp:term":[{"taxonomy":"category","embeddable":true,"href":"https:\/\/linitiative.ca\/International\/wp-json\/wp\/v2\/categories?post=115193"},{"taxonomy":"post_tag","embeddable":true,"href":"https:\/\/linitiative.ca\/International\/wp-json\/wp\/v2\/tags?post=115193"}],"curies":[{"name":"wp","href":"https:\/\/api.w.org\/{rel}","templated":true}]}}