{"id":115194,"date":"2021-04-19T13:51:57","date_gmt":"2021-04-19T17:51:57","guid":{"rendered":"https:\/\/linitiative.ca\/International\/liberte-reagit-au-placement-sous-mandat-de-depot-de-son-journaliste-rabah-kareche\/"},"modified":"2021-04-19T13:51:57","modified_gmt":"2021-04-19T17:51:57","slug":"liberte-reagit-au-placement-sous-mandat-de-depot-de-son-journaliste-rabah-kareche","status":"publish","type":"post","link":"https:\/\/linitiative.ca\/International\/liberte-reagit-au-placement-sous-mandat-de-depot-de-son-journaliste-rabah-kareche\/","title":{"rendered":"\u00ab\u00a0Libert\u00e9\u00a0\u00bb r\u00e9agit au placement sous mandat de d\u00e9p\u00f4t de son journaliste Rabah Kar\u00e8che"},"content":{"rendered":"<h4 class=\"title-14\"\/>\n<div class=\"featured_image\"><img loading=\"lazy\" decoding=\"async\" width=\"694\" height=\"454\" src=\"https:\/\/www.elwatan.com\/wp-content\/uploads\/2021\/04\/Rabah-Kareche-e1618855248812.jpg\" class=\"attachment-post-thumbnail size-post-thumbnail wp-post-image\" alt=\"Rabah Kar\u00e8che\" srcset=\"https:\/\/www.elwatan.com\/wp-content\/uploads\/2021\/04\/Rabah-Kareche-e1618855248812.jpg 694w, https:\/\/www.elwatan.com\/wp-content\/uploads\/2021\/04\/Rabah-Kareche-e1618855248812-300x196.jpg 300w\" sizes=\"auto, (max-width: 694px) 100vw, 694px\"\/> <span class=\"featured-image-caption\">Photo : D. R.<\/span><\/div>\n<p><em><strong>Le quotidien \u00ab\u00a0Libert\u00e9\u00a0\u00bb a r\u00e9agit cet apr\u00e8s-midi au placement sous mandat de d\u00e9p\u00f4t de son correspondant \u00e0 Tamanrasset, Rabah Kar\u00e8che.<\/strong><\/em><\/p>\n<p>Le journal, qui exprime sa \u00ab\u00a0stup\u00e9faction\u00a0\u00bb, indique que le journaliste avait \u00e9t\u00e9 <em>\u00ab\u00a0longuement interrog\u00e9 sur un article publi\u00e9 le jour m\u00eame (dimanche NDLR) de sa convocation par les services de s\u00e9curit\u00e9\u00a0\u00bb<\/em>.<\/p>\n<p><em>\u00ab\u00a0L\u2019article en question n\u2019est autre que le compte-rendu d\u2019une manifestation publique organis\u00e9e par des citoyens de la r\u00e9gion qui contestent le nouveau d\u00e9coupage territorial\u00a0\u00bb<\/em>, signale \u00ab\u00a0Libert\u00e9\u00a0\u00bb.<\/p>\n<p>Ce dernier affirme qu\u2019il est reproch\u00e9 \u00ab\u00a0officiellement\u00a0\u00bb au journaliste <em>\u00ab\u00a0la cr\u00e9ation d\u2019un compte \u00e9lectronique consacr\u00e9 \u00e0 la diffusion d\u2019informations susceptibles de provoquer la s\u00e9gr\u00e9gation et la haine dans la soci\u00e9t\u00e9\u00a0\u00bb<\/em>, la <em>\u00ab\u00a0diffusion volontaire de fausses informations susceptibles d\u2019attenter \u00e0 l\u2019ordre public\u00a0\u00bb<\/em> et <em>\u00ab\u00a0l\u2019usage de divers moyens pour porter atteinte \u00e0 la suret\u00e9 et l\u2019unit\u00e9 nationale\u00a0\u00bb<\/em>.<\/p>\n<p><em>\u00ab\u00a0Il va de soi que ce ne sont l\u00e0 que des accusations fallacieuses qui cachent mal une volont\u00e9 de faire taire le journaliste et l\u2019emp\u00eacher d\u2019accomplir en toute objectivit\u00e9 son travail, comme l\u2019attestent ses nombreuses convocations, ces derniers mois par les services de s\u00e9curit\u00e9. Connu pour son professionnalisme et son s\u00e9rieux, Rabah Kar\u00e8che a de tout temps fait de l\u2019\u00e9thique et de la d\u00e9ontologie son sacerdoce\u00a0\u00bb<\/em>, ajoute encore le journal.<\/p>\n<p>\u00ab\u00a0Libert\u00e9\u00a0\u00bb tient, en dernier lieu, \u00e0 d\u00e9noncer <em>\u00ab\u00a0avec la plus grande \u00e9nergie cette \u00e9ni\u00e8me atteinte \u00e0 la libert\u00e9 de la presse et exige la lib\u00e9ration imm\u00e9diate du journaliste\u00a0\u00bb<\/em>.<\/p>\n<p>A noter qu\u2019apr\u00e8s avoir \u00e9t\u00e9 convoqu\u00e9 dimanche, Rabah Kar\u00e8che a \u00e9t\u00e9 plac\u00e9 en garde \u00e0 vue, puis pr\u00e9sent\u00e9 aujourd\u2019hui matin (lundi) devant le procureur de la R\u00e9publique qui a transf\u00e9r\u00e9 le dossier au juge d\u2019instruction.<\/p>\n<p>Ce dernier a d\u00e9cid\u00e9 de placer le journaliste en d\u00e9tention provisoire, a indiqu\u00e9 le journal.<\/p>\n<p><span class=\"post-views-label\">Post Views:<\/span> <span class=\"post-views-count\">614<\/span><\/p>\n<p><br class=\"c2\"\/><\/p>\n<div class=\"ichhar-moneytagnative c4\" id=\"ichhar-1160648895\">\n<p>Advertisements<\/p>\n<\/div>\n<p><br class=\"c2\"\/><br \/>\n<br class=\"c5\"\/><\/p>\n<p>Auteur: Mohand Yahiaoui<br \/>\n<a href=\"https:\/\/www.elwatan.com\/edition\/actualite\/liberte-reagit-au-placement-sous-mandat-de-depot-de-son-journaliste-rabah-kareche-19-04-2021\">Cliquez ici pour lire l&rsquo;article depuis sa source.<\/a><\/p>\n","protected":false},"excerpt":{"rendered":"<p>Photo : D. R. Le quotidien \u00ab\u00a0Libert\u00e9\u00a0\u00bb a r\u00e9agit cet apr\u00e8s-midi au placement sous mandat de d\u00e9p\u00f4t de son correspondant \u00e0 Tamanrasset, Rabah Kar\u00e8che. Le journal, qui exprime sa \u00ab\u00a0stup\u00e9faction\u00a0\u00bb, indique que le journaliste avait \u00e9t\u00e9 \u00ab\u00a0longuement interrog\u00e9 sur un article publi\u00e9 le jour m\u00eame (dimanche NDLR) de sa convocation par les services de s\u00e9curit\u00e9\u00a0\u00bb. [&hellip;]<\/p>\n","protected":false},"author":1743,"featured_media":0,"comment_status":"closed","ping_status":"closed","sticky":false,"template":"","format":"standard","meta":{"fifu_image_url":"https:\/\/www.elwatan.com\/wp-content\/uploads\/2021\/04\/Rabah-Kareche-e1618855248812.jpg","fifu_image_alt":"\u00ab\u00a0Libert\u00e9\u00a0\u00bb r\u00e9agit au placement sous mandat de d\u00e9p\u00f4t de son journaliste Rabah Kar\u00e8che","footnotes":""},"categories":[73,53],"tags":[],"class_list":["post-115194","post","type-post","status-publish","format-standard","hentry","category-actualite","category-algerie"],"_links":{"self":[{"href":"https:\/\/linitiative.ca\/International\/wp-json\/wp\/v2\/posts\/115194","targetHints":{"allow":["GET"]}}],"collection":[{"href":"https:\/\/linitiative.ca\/International\/wp-json\/wp\/v2\/posts"}],"about":[{"href":"https:\/\/linitiative.ca\/International\/wp-json\/wp\/v2\/types\/post"}],"author":[{"embeddable":true,"href":"https:\/\/linitiative.ca\/International\/wp-json\/wp\/v2\/users\/1743"}],"replies":[{"embeddable":true,"href":"https:\/\/linitiative.ca\/International\/wp-json\/wp\/v2\/comments?post=115194"}],"version-history":[{"count":0,"href":"https:\/\/linitiative.ca\/International\/wp-json\/wp\/v2\/posts\/115194\/revisions"}],"wp:attachment":[{"href":"https:\/\/linitiative.ca\/International\/wp-json\/wp\/v2\/media?parent=115194"}],"wp:term":[{"taxonomy":"category","embeddable":true,"href":"https:\/\/linitiative.ca\/International\/wp-json\/wp\/v2\/categories?post=115194"},{"taxonomy":"post_tag","embeddable":true,"href":"https:\/\/linitiative.ca\/International\/wp-json\/wp\/v2\/tags?post=115194"}],"curies":[{"name":"wp","href":"https:\/\/api.w.org\/{rel}","templated":true}]}}