{"id":115197,"date":"2021-04-19T10:10:00","date_gmt":"2021-04-19T14:10:00","guid":{"rendered":"https:\/\/linitiative.ca\/International\/mohamed-attya-le-passeur-de-lumiere\/"},"modified":"2021-04-19T10:10:00","modified_gmt":"2021-04-19T14:10:00","slug":"mohamed-attya-le-passeur-de-lumiere","status":"publish","type":"post","link":"https:\/\/linitiative.ca\/International\/mohamed-attya-le-passeur-de-lumiere\/","title":{"rendered":"Mohamed Attya, le Passeur de lumi\u00e8re"},"content":{"rendered":"<p><span class=\"c2\"><em><strong><img decoding=\"async\" src=\"\/uploads\/FCK_files\/Abdelaziz-Kacem(7).jpg\" alt=\"\" width=\"20%\" vspace=\"5\" hspace=\"5\" align=\"left\"\/>Par Abdelaziz Kacem &#8211;<\/strong><\/em><\/span> Tel est le titre \u00e9minemment \u00e9vocateur de l\u2019ouvrage qu\u2019Emna Attya vient de publier aux \u00c9ditions KA\u2019. Il est consacr\u00e9 au destin triplement singulier de son p\u00e8re : Mohamed Attya est le premier agr\u00e9g\u00e9 de l\u2019Universit\u00e9 (Sorbonne) de tout le Maghreb, le premier directeur du prestigieux Coll\u00e8ge Sadiki, sous le Protectorat, et le premier intellectuel tunisien de haut rang \u00e0 avoir subi la plus flagrante des injustices. On s\u2019attendait \u00e0 ce qu\u2019il f\u00fbt l\u2019un des premiers \u00e0 mettre \u00e0 l\u2019honneur par la Tunisie ind\u00e9pendante \u00e0 laquelle il avait d\u00e9ploy\u00e9 toute son intelligence et consacr\u00e9 son infatigable labeur.<\/p>\n<p>C\u2019est l\u2019histoire de cette exceptionnelle trajectoire en ce qu\u2019elle a de m\u00e9ritoire et d\u2019imm\u00e9rit\u00e9, que nous raconte la fille du grand homme, avec beaucoup de sobri\u00e9t\u00e9 et de pudeur, une dignit\u00e9 dont la maisonn\u00e9e Attya ne s\u2019est jamais d\u00e9partie, depuis que le sort, aveugle, vint frapper \u00e0 leur porte.<\/p>\n<p>Les jours heureux ram\u00e8nent au mois de juin 1931, date \u00e0 laquelle le h\u00e9ros, devant un jury intimidant pr\u00e9sid\u00e9 par l\u2019illustre arabisant Maurice Gaudefroy-Demombynes, passe brillamment le concours d\u2019agr\u00e9gation d\u2019arabe. Pour participer \u00e0 ce concours, il fallait \u00eatre fran\u00e7ais de souche ou par naturalisation. Mohamed Attya refuse de quitter sa nationalit\u00e9 et se bat contre une exclusion scientifiquement injustifiable et finit par forcer la barri\u00e8re.<\/p>\n<p><em>\u00ab J\u2019ai \u00e2prement bataill\u00e9, \u00e9crira-t-il, afin de persuader l\u2019Administration fran\u00e7aise de l\u2019int\u00e9r\u00eat d\u2019ouvrir le concours d\u2019agr\u00e9gation aux \u00e9trangers, sans les obliger \u00e0 acqu\u00e9rir pr\u00e9alablement la nationalit\u00e9 fran\u00e7aise. C\u2019est mon succ\u00e8s dans cette lutte pour l\u2019agr\u00e9gation\u00a0 qui a \u00e9t\u00e9 \u00e0 l\u2019origine de l\u2019afflux des Tunisiens vers l\u2019enseignement et qui a fourni une bonne partie des cadres actuels\u2026\u00bb<\/em><\/p>\n<p>Cette br\u00e8che n\u2019\u00e9tait pas du go\u00fbt des \u00abPr\u00e9pond\u00e9rants\u00bb, ils y avaient vu une possibilit\u00e9 de promotion pour les \u00e9lites autochtones qui ne pouvait se r\u00e9aliser qu\u2019au d\u00e9triment de leurs privil\u00e8ges. Et ils ne s\u2019y \u00e9taient pas tromp\u00e9s.<\/p>\n<p>L\u2019hebdomadaire al-Ir\u00e2da, organe du Vieux Destour (le N\u00e9o n\u2019existait pas encore), ne tarde pas \u00e0 publier en premi\u00e8re page et sous la plume de Noureddine Ben Mahmoud, un article intitul\u00e9 \u00abLa direction de Sadiki doit revenir \u00e0 une comp\u00e9tence tunisienne \u00bb, l\u2019agr\u00e9g\u00e9 Mohamed Attya, en l\u2019occurrence, qui ne tardera pas \u00e0 \u00eatre nomm\u00e9, au grand dam de certains enseignants fran\u00e7ais, sous-directeur de l\u2019\u00c9tablissement. Quelques ann\u00e9es plus tard, au mois de septembre 1935, le m\u00eame journaliste d\u00e9die le premier n\u00b0 de sa revue \u00abAl-Mourouj\u00bb \u00e0 \u00abl\u2019\u00e9minent professeur Mohamed Attya\u00bb, d\u00e9sormais, patron du fameux Coll\u00e8ge. En fait, c\u2019est en 1944 qu\u2019il en sera le directeur en titre.<\/p>\n<p>Le Coll\u00e8ge Sadiki est r\u00e9put\u00e9 dispenser le meilleur enseignement bilingue en Afrique du Nord. Il est la fabrique d\u2019\u00e9lites, dans la r\u00e9gion. Cette r\u00e9putation, il la devait \u00e0 son directeur et \u00e0 lui seul. L\u2019enseignement sadikien \u00e9tait sanctionn\u00e9 par un dipl\u00f4me de fin d\u2019\u00e9tudes. Il dotait l\u2019administration d\u2019excellents agents d\u2019ex\u00e9cution, de parfaits traducteurs. C\u2019est Mohamed Attya qui modernise les programmes, qui revalorise l\u2019enseignement de la langue et de la litt\u00e9rature arabes, qui, outre le fran\u00e7ais, renforce l\u2019apprentissage des langues vivantes, l\u2019anglais et l\u2019allemand, notamment, qui introduit le grec et le latin. C\u2019est lui qui force la main \u00e0 la direction de l\u2019Instruction publique pour que Sadiki, tout en gardant sa sp\u00e9cificit\u00e9, puisse, \u00e0 l\u2019instar du Lyc\u00e9e Carnot, pr\u00e9parer ses \u00e9l\u00e8ves au bac (1<sup>\u00e8re<\/sup> et 2<sup>\u00e8me<\/sup> parties). C\u2019est sa conception de l\u2019enseignement sadikien qui sera \u00e9tendue aux classes dites tunisiennes accol\u00e9es aux lyc\u00e9es du pays. C\u2019est lui, enfin, qui d\u00e9cuple la capacit\u00e9 d\u2019accueil du Coll\u00e8ge. Avec la cr\u00e9ation de l\u2019annexe de Khaznadar qu\u2019il a initi\u00e9e, contre vents et marais, le nombre d\u2019\u00e9l\u00e8ves passe de 200 \u00e0 2000.<\/p>\n<p>En 1955, la Tunisie acc\u00e8de \u00e0 l\u2019autonomie interne. Mohamed Attya a toutes les qualit\u00e9s requises pour occuper le portefeuille de l\u2019\u00c9ducation, d\u2019en \u00eatre le num\u00e9ro deux, pour le moins. Il est relev\u00e9 de ses fonctions. La Tunisie totalement ind\u00e9pendante le livre \u00e0 la justice comme un malfrat. Le pays est abasourdi. L\u2019homme est soup\u00e7onn\u00e9 d\u2019avoir re\u00e7u des pots-de-vin. Plus grave encore, il aurait pers\u00e9cut\u00e9 et fait exclure les \u00e9l\u00e8ves patriotes, pour avoir manifest\u00e9 contre l\u2019occupant. Accusations sans preuves cr\u00e9dibles. Un accusateur principal, quelques t\u00e9moins peu fiables. Ils s\u2019en repentiront plus tard.<\/p>\n<p class=\"c4\"><span class=\"c3\"><strong>\u2022<\/strong><\/span> Il m\u2019a exclu parce que je suis le leader de la jeunesse destourienne, ass\u00e8ne le t\u00e9moin \u00e0 charge.<\/p>\n<p class=\"c4\"><span class=\"c3\"><strong>\u2022<\/strong><\/span> Je t\u2019ai exclu pour des raisons d\u2019ordre strictement moral, r\u00e9plique l\u2019accus\u00e9.<\/p>\n<p>Il va sans dire qu\u2019en p\u00e9dagogue accompli, le directeur du Coll\u00e8ge n\u2019a eu de cesse d\u2019exhorter ses \u00e9l\u00e8ves de se consacrer en priorit\u00e9 \u00e0 leurs \u00e9tudes. De l\u00e0 \u00e0 l\u2019accuser d\u2019avoir voulu soustraire les jeunes \u00e0 leurs obligations nationales, il n\u2019y a qu\u2019un pas que la sagesse eut recommand\u00e9 de ne pas franchir.<\/p>\n<p>Le proc\u00e8s instruit par une juridiction d\u2019exception, la Haute Cour, est directement retransmis \u00e0 la Radio nationale. L\u2019effet escompt\u00e9 s\u2019av\u00e8re n\u00e9gatif. La sympathie de la majorit\u00e9 des auditeurs allait vers l\u2019inculp\u00e9. Outre l\u2019extr\u00eame l\u00e9g\u00e8ret\u00e9 des charges, un enseignant de cet acabit, b\u00e9n\u00e9ficiait \u00e0 l\u2019\u00e9poque d\u2019une immense v\u00e9n\u00e9ration. Plus qu\u2019une injustice, ce proc\u00e8s\u00a0 \u00e9tait une faute d\u2019\u00c9tat.<\/p>\n<p>Mohamed Attya est condamn\u00e9 \u00e0 cinq ans de prison (il n\u2019en passera que cinq mois), \u00e0 dix ans d\u2019indignit\u00e9 nationale et \u00e0 la confiscation de tous ses biens. Les gens de ma g\u00e9n\u00e9ration se posent une question toujours sans r\u00e9ponse: qu\u2019a-t-on pu rapporter au Pr\u00e9sident Bourguiba de si blessant pour qu\u2019il s\u2019acharn\u00e2t \u00e0 ce point sur un condisciple, un ami, une gloire tunisienne ?<\/p>\n<p>Le premier agr\u00e9g\u00e9 du Maghreb s\u2019\u00e9teint en 1987, juste au moment o\u00f9 l\u2019on commen\u00e7ait \u00e0 le r\u00e9habiliter. De nombreux colloques et rencontres lui ont \u00e9t\u00e9 consacr\u00e9s. Le livre d\u2019Emna Attya recense et reprend une bonne partie des t\u00e9moignages et hommages rendus \u00e0 son illustre p\u00e8re. Ils \u00e9manent, pour la plupart,\u00a0 de ses anciens \u00e9l\u00e8ves, mais aussi de ses pairs. J\u2019ai ajout\u00e9 ma fleur \u00e0 ce bouquet, en r\u00e9fl\u00e9chissant \u00e0 plus d\u2019un aspect tragique de la condition humaine.<\/p>\n<p>Ce livre est \u00e9crit avec maestria et beaucoup de dignit\u00e9. Il ne verse ni dans le pathos ni dans la vindicte. Preuve que le professeur Mohamed Attya, en d\u00e9pit de lourdes injustices \u00e0 m\u00eame d\u2019an\u00e9antir un homme de sa trempe, a su faire de son fils et de ses filles des citoyens libres et des cadres hautement instruits ajout\u00e9s aux bataillons de Sadikiens b\u00e2tisseurs dont il gratifia la patrie en construction.<\/p>\n<p class=\"c5\"><strong>Abdelaziz Kacem<\/strong><\/p>\n<p>\u00a0 \u00a0<br \/>\u00a0<\/p>\n<p>Auteur:<br \/>\n<a href=\"https:\/\/www.leaders.com.tn\/article\/31750-mohamed-attya-le-passeur-de-lumiere\">Cliquez ici pour lire l&rsquo;article depuis sa source.<\/a><\/p>\n","protected":false},"excerpt":{"rendered":"<p>Par Abdelaziz Kacem &#8211; Tel est le titre \u00e9minemment \u00e9vocateur de l\u2019ouvrage qu\u2019Emna Attya vient de publier aux \u00c9ditions KA\u2019. Il est consacr\u00e9 au destin triplement singulier de son p\u00e8re : Mohamed Attya est le premier agr\u00e9g\u00e9 de l\u2019Universit\u00e9 (Sorbonne) de tout le Maghreb, le premier directeur du prestigieux Coll\u00e8ge Sadiki, sous le Protectorat, et [&hellip;]<\/p>\n","protected":false},"author":1772,"featured_media":0,"comment_status":"closed","ping_status":"closed","sticky":false,"template":"","format":"standard","meta":{"fifu_image_url":"\/uploads\/FCK_files\/Abdelaziz-Kacem(7).jpg","fifu_image_alt":"Mohamed Attya, le Passeur de lumi\u00e8re","footnotes":""},"categories":[73,55],"tags":[],"class_list":["post-115197","post","type-post","status-publish","format-standard","hentry","category-actualite","category-tunisie"],"_links":{"self":[{"href":"https:\/\/linitiative.ca\/International\/wp-json\/wp\/v2\/posts\/115197","targetHints":{"allow":["GET"]}}],"collection":[{"href":"https:\/\/linitiative.ca\/International\/wp-json\/wp\/v2\/posts"}],"about":[{"href":"https:\/\/linitiative.ca\/International\/wp-json\/wp\/v2\/types\/post"}],"author":[{"embeddable":true,"href":"https:\/\/linitiative.ca\/International\/wp-json\/wp\/v2\/users\/1772"}],"replies":[{"embeddable":true,"href":"https:\/\/linitiative.ca\/International\/wp-json\/wp\/v2\/comments?post=115197"}],"version-history":[{"count":0,"href":"https:\/\/linitiative.ca\/International\/wp-json\/wp\/v2\/posts\/115197\/revisions"}],"wp:attachment":[{"href":"https:\/\/linitiative.ca\/International\/wp-json\/wp\/v2\/media?parent=115197"}],"wp:term":[{"taxonomy":"category","embeddable":true,"href":"https:\/\/linitiative.ca\/International\/wp-json\/wp\/v2\/categories?post=115197"},{"taxonomy":"post_tag","embeddable":true,"href":"https:\/\/linitiative.ca\/International\/wp-json\/wp\/v2\/tags?post=115197"}],"curies":[{"name":"wp","href":"https:\/\/api.w.org\/{rel}","templated":true}]}}