{"id":115198,"date":"2021-04-19T10:44:00","date_gmt":"2021-04-19T14:44:00","guid":{"rendered":"https:\/\/linitiative.ca\/International\/bechir-haddouk-hommage-a-feu-abdelhafidh-sellami\/"},"modified":"2021-04-19T10:44:00","modified_gmt":"2021-04-19T14:44:00","slug":"bechir-haddouk-hommage-a-feu-abdelhafidh-sellami","status":"publish","type":"post","link":"https:\/\/linitiative.ca\/International\/bechir-haddouk-hommage-a-feu-abdelhafidh-sellami\/","title":{"rendered":"Bechir Haddouk : Hommage \u00e0  feu Abdelhafidh Sellami"},"content":{"rendered":"<p>Ma premi\u00e8re rencontre avec feu le doyen Abdelhafidh Sellami, remonte \u00e0 un matin des mois de mars ou avril 1974.<\/p>\n<p>IL venait d\u2019arriver \u00e0 Sfax, quelques jours, auparavant, aur\u00e9ol\u00e9 d&rsquo;une double mission : pr\u00e9parer le d\u00e9marrage de la facult\u00e9 de m\u00e9decine qui venait d&rsquo;\u00eatre d\u00e9cid\u00e9 par le gouvernement et hisser l&rsquo;h\u00f4pital r\u00e9gional H\u00e9di Chaker au statut d&rsquo;h\u00f4pital universitaire CHU)<\/p>\n<p><span class=\"c2\"><strong>Le profil du d\u00e9funt<\/strong><\/span><\/p>\n<p>Etudiant \u00e0 la facult\u00e9 de m\u00e9decine de Montpellier, il y fit de brillantes \u00e9tudes couronn\u00e9es par les concours d&rsquo;externat, puis d&rsquo;internat des h\u00f4pitaux.<\/p>\n<p>Int\u00e9grant le service de chirurgie g\u00e9n\u00e9rale du professeur Marchal, en qualit\u00e9 d&rsquo;interne des h\u00f4pitaux, il y exer\u00e7a\u00a0 les fonctions\u00a0 de chef de clinique. IL se distingua dans cette fonction par la qualit\u00e9 de ses actes op\u00e9ratoires et de son encadrement des stagiaires et internes du service. Son enseignement de l\u2019Anatomie humaine \u00e9tait couru par les auditeurs. Tout cela lui valut la confiance et l&rsquo;estime de ses maitres de la facult\u00e9.<\/p>\n<p><span class=\"c2\"><strong>Sa mission de doyen fondateur de la facult\u00e9 de m\u00e9decine<\/strong><\/span><\/p>\n<p>Nomm\u00e9\u00a0 maitre de conf\u00e9rences agr\u00e9g\u00e9 en chirurgie g\u00e9n\u00e9rale en 1973, il fut charg\u00e9 par le minist\u00e8re de la sant\u00e9 de la lourde mission de proc\u00e9der \u00e0 la mise en route de la premi\u00e8re ann\u00e9e de m\u00e9decine programm\u00e9e pour la rentr\u00e9e universitaire d&rsquo;octobre 1974<\/p>\n<p>M\u00e9ticuleusement, avec un enthousiasme d\u00e9bordant et contagieux, il sut s&rsquo;assurer le concours et la bienveillance des autorit\u00e9s sanitaires, acad\u00e9miques et administratives du pays, sans n\u00e9gliger ses attaches montpelli\u00e9rennes qui furent d\u2019un secours essentiel dans le succ\u00e8s\u00a0 du d\u00e9marrage du premier cycle de l\u2019enseignement m\u00e9dical. IL convient dans ce contexte de souligner l\u2019appui d\u00e9terminant de la facult\u00e9 de Montpelier en la personne de feu le Doyen\u00a0 Benezech qui n\u2019a\u00a0 pas \u00e9t\u00e9 \u00e9conome en aides p\u00e9dagogiques.\u00a0 Cette aide ne peut occulter le soutien et l&rsquo;encouragement prodigu\u00e9 par les doyens Essafi, Hassouna Ben Ayed et Mongi Ben Hmida\u00a0 de la facult\u00e9 de Tunis qui ont contribu\u00e9\u00a0 au bon d\u00e9roulement des programmes d\u2019enseignement.<\/p>\n<p>Pragmatique, le doyen Sellami n&rsquo;a pas fait la fine bouche lorsqu\u2019on lui demanda de se contenter de\u00a0 locaux provisoires dans l\u2019enceinte du lyc\u00e9e Habib Maazoun avenue H.Bourguiba. L&rsquo;important \u00e9tait de relever le d\u00e9fit, les locaux ad\u00e9quats et d\u00e9di\u00e9s viendront\u00a0 par la suite<\/p>\n<p><span class=\"c2\"><strong>La construction de la facult\u00e9 et sa structuration<\/strong><\/span><\/p>\n<p>Il en assura le suivi\u00a0 d\u00e9s la gen\u00e8se de ses plans architecturaux, de ses ex\u00e9cutions, jusqu\u2019\u00e0 son inauguration.<\/p>\n<p>Il veilla ensuite sur son \u00e9quipement et \u00e0 la mise en place de son administration. Progressivement, il s&rsquo;occupa de la pourvoir en personnel enseignant\u00a0 n\u00e9cessaire. Faisant feu de tout bois, il fit appel \u00e0 la coop\u00e9ration technique fran\u00e7aise qui lui\u00a0 d\u00e9tacha les premiers maitres de conf\u00e9rences agr\u00e9g\u00e9s de sciences fondamentales n\u00e9cessaires \u00e0 l&rsquo;enseignement du premier cycle des \u00e9tudes m\u00e9dicales (biophysique, biochimie, physiologie, anatomie humaine). Il ne n\u00e9gligera pas, non plus, \u00e0 l\u2019occasion de l\u2019ouverture du premier concours d\u2019agr\u00e9gation, en 1976, de r\u00e9clamer et d&rsquo;obtenir des postes pour la facult\u00e9. C&rsquo;est \u00e0 ce\u00a0 concours\u00a0 que furent nomm\u00e9s quatre maitres de conf\u00e9rences agr\u00e9g\u00e9s (en radiologie, gastro ent\u00e9rologie, p\u00e9diatrie et cardiologie). Ils constitu\u00e8rent le premier noyau du conseil scientifique de cette nouvelle facult\u00e9<\/p>\n<p><span class=\"c2\"><strong>Son action \u00e0 l&rsquo;h\u00f4pital<\/strong><\/span><\/p>\n<p>Nomm\u00e9 chef du service de chirurgie g\u00e9n\u00e9rale, il succ\u00e9da avec brio \u00e0 la d\u00e9l\u00e9gation de m\u00e9decins belges qui exer\u00e7ait dans le cadre de la coop\u00e9ration technique tuniso-belge<\/p>\n<p>Avec la m\u00eame \u00e9nergie et le m\u00eame enthousiasme, il \u00e9toffa peu \u00e0 peu l\u2019\u00e9quipe de son service, en ayant \u00e0 c\u0153ur de promouvoir l\u2019\u00e9mergence d\u2019autres sp\u00e9cialit\u00e9s chirurgicales (orthop\u00e9die, neurochirurgie, r\u00e9animation m\u00e9dicale), pour le b\u00e9n\u00e9fice des patients de la r\u00e9gion et du sud tunisien, en g\u00e9n\u00e9ral. Parall\u00e8lement, il aida ses confr\u00e8res exer\u00e7ants \u00e0 l\u2019h\u00f4pital\u00a0 \u00e0 d\u00e9velopper ou \u00e0 cr\u00e9er d\u2019autres services de sp\u00e9cialit\u00e9s m\u00e9dicales (service de p\u00e9diatrie, service de cardiologie, service de m\u00e9decine interne, service d\u2019oncologie m\u00e9dicale, service de rhumatologie, service de r\u00e9animation m\u00e9dicale \u2026)<\/p>\n<p>Sur le plan sanitaire, un autre combat fut men\u00e9 et gagn\u00e9, en symbiose avec les membres du conseil de sant\u00e9 et des autorit\u00e9s r\u00e9gionales. En effet, il fut revendiqu\u00e9 et obtenu la construction d&rsquo;un deuxi\u00e8me CHU qui fut baptis\u00e9 H.Bouguiba. Ainsi, Sfax est dot\u00e9 d&rsquo;un h\u00f4pital de sp\u00e9cialit\u00e9s m\u00e9dicales (Hedi Chaker) et d&rsquo;un h\u00f4pital de sp\u00e9cialit\u00e9s chirurgicales (H.Bougiba). Ce dernier fut pourvu d&rsquo;un plateau technique le plus complet et le plus performant en son temps: imagerie m\u00e9dicale, radioth\u00e9rapie, explorations fonctionnelles, m\u00e9decine physique, isotopes, laboratoires de biologies m\u00e9dicales, d&rsquo;anatomie pathologique&#8230;..<\/p>\n<p>Il fut un peu le chef d\u2019orchestre d\u2019un ensemble d\u2019enseignants et chefs de services habit\u00e9s par la m\u00eame flemme d\u2019exceller dans l\u2019enseignement qu\u2019ils dispensaient et dans les soins qu&rsquo;ils prodiguaient.<\/p>\n<p><span class=\"c2\"><strong>Le riche bilan de toute une vie de patriote<\/strong><\/span><\/p>\n<p>Avec le soutien du conseil scientifique de la facult\u00e9 et du conseil de sant\u00e9 des h\u00f4pitaux et durant toute la dur\u00e9e de son d\u00e9canat qui s&rsquo;\u00e9tendit sur une quinzaine d&rsquo;ann\u00e9es, il est ind\u00e9niable d&rsquo;affirmer que feu le doyen Sellami est parti avec l&rsquo;intime conviction du devoir accompli envers\u00a0 son pays, sa ville\u00a0 et\u00a0 la grande famille soignante. Il a contribu\u00e9 \u00e0 les nantir d&rsquo;une facult\u00e9 performante et de deux h\u00f4pitaux universitaires rayonnants, dont ils peuvent \u00eatres fiers.<\/p>\n<p>A ce propos, il me plait de rapporter cette anecdote:<\/p>\n<p>A la premi\u00e8re promotion d&rsquo;internes en m\u00e9decine susceptibles de concourir au r\u00e9sidanat en m\u00e9decine, il s&rsquo;est \u00e9lev\u00e9 avec force contre l&rsquo;id\u00e9e condescendante avanc\u00e9e par le doyen de Tunis de l&rsquo;\u00e9poque, qui voulait la r\u00e9gionalisation du concours de r\u00e9sidanat (de crainte que les \u00e9tudiants de Sfax et Sousse ne puissent rivaliser avec les \u00e9tudiants de tunis). Le concours national, fut maintenu sa confiance, en la valeur de la formation de nos \u00e9tudiants ne l&rsquo;a pas d\u00e9menti. Les candidats de Sfax furent class\u00e9s parmi les tous premiers des concours\u00a0 (r\u00e9sidanat, assistanat et agr\u00e9gation.). Ils ont honor\u00e9 leur doyen et leurs professeurs. Un grand nombre de cadres universitaires de Tunis, de Sousse et m\u00eame \u00e0 l&rsquo;\u00e9tranger sont des dipl\u00f4m\u00e9s de la facult\u00e9 de Sfax<\/p>\n<p>Repose en paix tr\u00e8s cher ami\u00a0 et n\u00e9anmoins\u00a0 coll\u00e8gue<br \/>Ta famille universitaire et m\u00e9dicale gardera de toi, un souvenir, \u00e0 jamais, vivace!<\/p>\n<p class=\"c4\"><strong>Dr Bechir Haddouk<\/strong><br \/><span class=\"c3\"><em>Ancien professeur de m\u00e9decine<br \/>Ancien chef de service hospitalo universitaire<br \/>Radiologie<\/em><\/span><\/p>\n<p class=\"c5\"><strong>Lire aussi<\/strong><\/p>\n<p class=\"c5\"><a href=\"https:\/\/www.leaders.com.tn\/article\/31515-le-doyen-abdelhafidh-sellami-tire-sa-reverence\" target=\"_blank\" rel=\"noopener\">Le Pr Abdelhafidh Sellami, premier doyen de la Facult\u00e9 de M\u00e9decine de Sfax, tire sa r\u00e9v\u00e9rence<\/a><br \/>\u00a0<\/p>\n<p>Auteur:<br \/>\n<a href=\"https:\/\/www.leaders.com.tn\/article\/31753-bechir-haddouk-hommage-a-feu-abdelhafidh-sellami\">Cliquez ici pour lire l&rsquo;article depuis sa source.<\/a><\/p>\n","protected":false},"excerpt":{"rendered":"<p>Ma premi\u00e8re rencontre avec feu le doyen Abdelhafidh Sellami, remonte \u00e0 un matin des mois de mars ou avril 1974. IL venait d\u2019arriver \u00e0 Sfax, quelques jours, auparavant, aur\u00e9ol\u00e9 d&rsquo;une double mission : pr\u00e9parer le d\u00e9marrage de la facult\u00e9 de m\u00e9decine qui venait d&rsquo;\u00eatre d\u00e9cid\u00e9 par le gouvernement et hisser l&rsquo;h\u00f4pital r\u00e9gional H\u00e9di Chaker au [&hellip;]<\/p>\n","protected":false},"author":1772,"featured_media":0,"comment_status":"closed","ping_status":"closed","sticky":false,"template":"","format":"standard","meta":{"fifu_image_url":"","fifu_image_alt":"","footnotes":""},"categories":[73,55],"tags":[],"class_list":["post-115198","post","type-post","status-publish","format-standard","hentry","category-actualite","category-tunisie"],"_links":{"self":[{"href":"https:\/\/linitiative.ca\/International\/wp-json\/wp\/v2\/posts\/115198","targetHints":{"allow":["GET"]}}],"collection":[{"href":"https:\/\/linitiative.ca\/International\/wp-json\/wp\/v2\/posts"}],"about":[{"href":"https:\/\/linitiative.ca\/International\/wp-json\/wp\/v2\/types\/post"}],"author":[{"embeddable":true,"href":"https:\/\/linitiative.ca\/International\/wp-json\/wp\/v2\/users\/1772"}],"replies":[{"embeddable":true,"href":"https:\/\/linitiative.ca\/International\/wp-json\/wp\/v2\/comments?post=115198"}],"version-history":[{"count":0,"href":"https:\/\/linitiative.ca\/International\/wp-json\/wp\/v2\/posts\/115198\/revisions"}],"wp:attachment":[{"href":"https:\/\/linitiative.ca\/International\/wp-json\/wp\/v2\/media?parent=115198"}],"wp:term":[{"taxonomy":"category","embeddable":true,"href":"https:\/\/linitiative.ca\/International\/wp-json\/wp\/v2\/categories?post=115198"},{"taxonomy":"post_tag","embeddable":true,"href":"https:\/\/linitiative.ca\/International\/wp-json\/wp\/v2\/tags?post=115198"}],"curies":[{"name":"wp","href":"https:\/\/api.w.org\/{rel}","templated":true}]}}