{"id":115199,"date":"2021-04-19T12:00:00","date_gmt":"2021-04-19T16:00:00","guid":{"rendered":"https:\/\/linitiative.ca\/International\/tunisie-a-quand-lentree-en-service-du-rfr\/"},"modified":"2021-04-19T12:00:00","modified_gmt":"2021-04-19T16:00:00","slug":"tunisie-a-quand-lentree-en-service-du-rfr","status":"publish","type":"post","link":"https:\/\/linitiative.ca\/International\/tunisie-a-quand-lentree-en-service-du-rfr\/","title":{"rendered":"Tunisie: A quand l&rsquo;entr\u00e9e en service du RFR ?"},"content":{"rendered":"<p>Le RFR se fait attendre, ne serait-ce que la premi\u00e8re ligne du Sud de la capitale. Une solution a \u00e9t\u00e9 finalement trouv\u00e9e \u00e0 un blocage majeur au niveau du paiement d\u2019un sous-traitant. Rien que ce retard de 5 ans aura co\u00fbt\u00e9 plus de 300 millions de dinars. A pr\u00e9sent, le calendrier d\u00e9finitif est boucl\u00e9 : test des rames en avril, essais et r\u00e9glages, pour une inauguration le 25 juillet prochain. La rentr\u00e9e scolaire en sera fortement soulag\u00e9e. D\u2019ailleurs, la mise en service de cette ligne lib\u00e9rera un nombre consid\u00e9rable de bus qui seront red\u00e9ploy\u00e9s ailleurs, ce qui am\u00e9liorera la fr\u00e9quence des dessertes et r\u00e9duira les retards et l\u2019encombrement.<\/p>\n<p>Quant \u00e0 la ligne ouest de la capitale, bloqu\u00e9e par le choix du mode de desserte du Bardo, a\u00e9rien ou souterrain, la d\u00e9cision est prise en faveur de l\u2019a\u00e9rien. Sur cette base, seront lanc\u00e9es les \u00e9tudes et les proc\u00e9dures n\u00e9cessaires.<\/p>\n<p><strong>Lire aussi<\/strong><\/p>\n<p><a href=\"https:\/\/www.leaders.com.tn\/article\/31728-moez-chakchouk-et-pourtant-il-faut-que-ca-roule\" target=\"_blank\" rel=\"noopener\">Moez Chakchouk: Et pourtant, il faut que \u00e7a roule<\/a><br \/>\u00a0<\/p>\n<p>Auteur:<br \/>\n<a href=\"https:\/\/www.leaders.com.tn\/article\/31736-de-report-en-report-l-entree-en-service-du-rfr-echaude-les-usagers\">Cliquez ici pour lire l&rsquo;article depuis sa source.<\/a><\/p>\n","protected":false},"excerpt":{"rendered":"<p>Le RFR se fait attendre, ne serait-ce que la premi\u00e8re ligne du Sud de la capitale. Une solution a \u00e9t\u00e9 finalement trouv\u00e9e \u00e0 un blocage majeur au niveau du paiement d\u2019un sous-traitant. Rien que ce retard de 5 ans aura co\u00fbt\u00e9 plus de 300 millions de dinars. A pr\u00e9sent, le calendrier d\u00e9finitif est boucl\u00e9 : [&hellip;]<\/p>\n","protected":false},"author":1772,"featured_media":0,"comment_status":"closed","ping_status":"closed","sticky":false,"template":"","format":"standard","meta":{"fifu_image_url":"","fifu_image_alt":"","footnotes":""},"categories":[73,55],"tags":[],"class_list":["post-115199","post","type-post","status-publish","format-standard","hentry","category-actualite","category-tunisie"],"_links":{"self":[{"href":"https:\/\/linitiative.ca\/International\/wp-json\/wp\/v2\/posts\/115199","targetHints":{"allow":["GET"]}}],"collection":[{"href":"https:\/\/linitiative.ca\/International\/wp-json\/wp\/v2\/posts"}],"about":[{"href":"https:\/\/linitiative.ca\/International\/wp-json\/wp\/v2\/types\/post"}],"author":[{"embeddable":true,"href":"https:\/\/linitiative.ca\/International\/wp-json\/wp\/v2\/users\/1772"}],"replies":[{"embeddable":true,"href":"https:\/\/linitiative.ca\/International\/wp-json\/wp\/v2\/comments?post=115199"}],"version-history":[{"count":0,"href":"https:\/\/linitiative.ca\/International\/wp-json\/wp\/v2\/posts\/115199\/revisions"}],"wp:attachment":[{"href":"https:\/\/linitiative.ca\/International\/wp-json\/wp\/v2\/media?parent=115199"}],"wp:term":[{"taxonomy":"category","embeddable":true,"href":"https:\/\/linitiative.ca\/International\/wp-json\/wp\/v2\/categories?post=115199"},{"taxonomy":"post_tag","embeddable":true,"href":"https:\/\/linitiative.ca\/International\/wp-json\/wp\/v2\/tags?post=115199"}],"curies":[{"name":"wp","href":"https:\/\/api.w.org\/{rel}","templated":true}]}}