{"id":115202,"date":"2021-04-19T07:00:00","date_gmt":"2021-04-19T11:00:00","guid":{"rendered":"https:\/\/linitiative.ca\/International\/ce-retard-qui-irrite-le-mjs\/"},"modified":"2021-04-19T07:00:00","modified_gmt":"2021-04-19T11:00:00","slug":"ce-retard-qui-irrite-le-mjs","status":"publish","type":"post","link":"https:\/\/linitiative.ca\/International\/ce-retard-qui-irrite-le-mjs\/","title":{"rendered":"Ce retard qui irrite le MJS"},"content":{"rendered":"<p class=\"c3\">Le palais des sports Hamou-Boutl\u00e9lis \u00e0 Oran demeure ferm\u00e9 depuis pr\u00e8s de deux ans, et ce, en raison de travaux de r\u00e9habilitation qu\u2019il doit subir. Des travaux qui tra\u00eenent, toutefois, privant les clubs et les sportifs d\u2019El-Bahia de cet important site. Un retard qui a fini par irriter la tutelle, \u00e0 savoir le minist\u00e8re de la Jeunesse et des Sports qui interpelle s\u00e8chement l\u2019entreprise \u00e0 laquelle a \u00e9t\u00e9 confi\u00e9 ce projet. Le MJS exige en effet d\u2019acc\u00e9l\u00e9rer la cadence, faute de quoi, il prendrait des mesures fermes.<\/p>\n<p>Auteur:<br \/>\n<a href=\"https:\/\/www.lesoirdalgerie.com\/periscoop\/ce-retard-qui-irrite-le-mjs-59837\">Cliquez ici pour lire l&rsquo;article depuis sa source.<\/a><\/p>\n","protected":false},"excerpt":{"rendered":"<p>Le palais des sports Hamou-Boutl\u00e9lis \u00e0 Oran demeure ferm\u00e9 depuis pr\u00e8s de deux ans, et ce, en raison de travaux de r\u00e9habilitation qu\u2019il doit subir. Des travaux qui tra\u00eenent, toutefois, privant les clubs et les sportifs d\u2019El-Bahia de cet important site. Un retard qui a fini par irriter la tutelle, \u00e0 savoir le minist\u00e8re de [&hellip;]<\/p>\n","protected":false},"author":1741,"featured_media":0,"comment_status":"closed","ping_status":"closed","sticky":false,"template":"","format":"standard","meta":{"fifu_image_url":"","fifu_image_alt":"","footnotes":""},"categories":[73,53],"tags":[],"class_list":["post-115202","post","type-post","status-publish","format-standard","hentry","category-actualite","category-algerie"],"_links":{"self":[{"href":"https:\/\/linitiative.ca\/International\/wp-json\/wp\/v2\/posts\/115202","targetHints":{"allow":["GET"]}}],"collection":[{"href":"https:\/\/linitiative.ca\/International\/wp-json\/wp\/v2\/posts"}],"about":[{"href":"https:\/\/linitiative.ca\/International\/wp-json\/wp\/v2\/types\/post"}],"author":[{"embeddable":true,"href":"https:\/\/linitiative.ca\/International\/wp-json\/wp\/v2\/users\/1741"}],"replies":[{"embeddable":true,"href":"https:\/\/linitiative.ca\/International\/wp-json\/wp\/v2\/comments?post=115202"}],"version-history":[{"count":0,"href":"https:\/\/linitiative.ca\/International\/wp-json\/wp\/v2\/posts\/115202\/revisions"}],"wp:attachment":[{"href":"https:\/\/linitiative.ca\/International\/wp-json\/wp\/v2\/media?parent=115202"}],"wp:term":[{"taxonomy":"category","embeddable":true,"href":"https:\/\/linitiative.ca\/International\/wp-json\/wp\/v2\/categories?post=115202"},{"taxonomy":"post_tag","embeddable":true,"href":"https:\/\/linitiative.ca\/International\/wp-json\/wp\/v2\/tags?post=115202"}],"curies":[{"name":"wp","href":"https:\/\/api.w.org\/{rel}","templated":true}]}}