{"id":115204,"date":"2021-04-19T07:00:00","date_gmt":"2021-04-19T11:00:00","guid":{"rendered":"https:\/\/linitiative.ca\/International\/retouche-du-passe\/"},"modified":"2021-04-19T07:00:00","modified_gmt":"2021-04-19T11:00:00","slug":"retouche-du-passe","status":"publish","type":"post","link":"https:\/\/linitiative.ca\/International\/retouche-du-passe\/","title":{"rendered":"Retouche du pass\u00e9"},"content":{"rendered":"<p class=\"c3\">Non, tu ne r\u00eaves pas. Il l\u2019a bien dit et il ne se passe rien : \u00abNos archives nationales sont tr\u00e8s sensibles et ne sont pas communicables au risque de provoquer le chaos dans le pays.\u00bb \u00abCertains me reprochent de ne pas rendre consultables certaines archives sensibles. J&rsquo;ai donn\u00e9 des directives pour que les noms des personnes et des lieux soient supprim\u00e9s des documents en question pour ne pas toucher aux personnes physiques\u00bb, dixit Abdelmadjid Chikhi, conseiller charg\u00e9 des archives et de la m\u00e9moire aupr\u00e8s de la pr\u00e9sidence de la R\u00e9publique. On peut ajouter un titre \u00e0 cette flamboyante carte de visite : \u00abRetoucheur de pass\u00e9\u00bb ! Bien entendu, il assume !\u00a0<br \/>A. T.<\/p>\n<p>Auteur:<br \/>\n<a href=\"https:\/\/www.lesoirdalgerie.com\/digoutage\/retouche-du-passe-59835\">Cliquez ici pour lire l&rsquo;article depuis sa source.<\/a><\/p>\n","protected":false},"excerpt":{"rendered":"<p>Non, tu ne r\u00eaves pas. Il l\u2019a bien dit et il ne se passe rien : \u00abNos archives nationales sont tr\u00e8s sensibles et ne sont pas communicables au risque de provoquer le chaos dans le pays.\u00bb \u00abCertains me reprochent de ne pas rendre consultables certaines archives sensibles. J&rsquo;ai donn\u00e9 des directives pour que les noms [&hellip;]<\/p>\n","protected":false},"author":1741,"featured_media":0,"comment_status":"closed","ping_status":"closed","sticky":false,"template":"","format":"standard","meta":{"fifu_image_url":"","fifu_image_alt":"","footnotes":""},"categories":[73,53],"tags":[],"class_list":["post-115204","post","type-post","status-publish","format-standard","hentry","category-actualite","category-algerie"],"_links":{"self":[{"href":"https:\/\/linitiative.ca\/International\/wp-json\/wp\/v2\/posts\/115204","targetHints":{"allow":["GET"]}}],"collection":[{"href":"https:\/\/linitiative.ca\/International\/wp-json\/wp\/v2\/posts"}],"about":[{"href":"https:\/\/linitiative.ca\/International\/wp-json\/wp\/v2\/types\/post"}],"author":[{"embeddable":true,"href":"https:\/\/linitiative.ca\/International\/wp-json\/wp\/v2\/users\/1741"}],"replies":[{"embeddable":true,"href":"https:\/\/linitiative.ca\/International\/wp-json\/wp\/v2\/comments?post=115204"}],"version-history":[{"count":0,"href":"https:\/\/linitiative.ca\/International\/wp-json\/wp\/v2\/posts\/115204\/revisions"}],"wp:attachment":[{"href":"https:\/\/linitiative.ca\/International\/wp-json\/wp\/v2\/media?parent=115204"}],"wp:term":[{"taxonomy":"category","embeddable":true,"href":"https:\/\/linitiative.ca\/International\/wp-json\/wp\/v2\/categories?post=115204"},{"taxonomy":"post_tag","embeddable":true,"href":"https:\/\/linitiative.ca\/International\/wp-json\/wp\/v2\/tags?post=115204"}],"curies":[{"name":"wp","href":"https:\/\/api.w.org\/{rel}","templated":true}]}}