{"id":115205,"date":"2021-04-19T11:21:18","date_gmt":"2021-04-19T15:21:18","guid":{"rendered":"https:\/\/linitiative.ca\/International\/brahim-chammar-directeur-general-delegue-de-fenie-brossette-nous-avons-decide-dinvestir-dans-deux-secteurs\/"},"modified":"2021-04-19T11:21:18","modified_gmt":"2021-04-19T15:21:18","slug":"brahim-chammar-directeur-general-delegue-de-fenie-brossette-nous-avons-decide-dinvestir-dans-deux-secteurs","status":"publish","type":"post","link":"https:\/\/linitiative.ca\/International\/brahim-chammar-directeur-general-delegue-de-fenie-brossette-nous-avons-decide-dinvestir-dans-deux-secteurs\/","title":{"rendered":"Brahim Chammar, Directeur g\u00e9n\u00e9ral d\u00e9l\u00e9gu\u00e9 de Fenie Brossette : \u00ab Nous avons d\u00e9cid\u00e9 d\u2019investir dans deux secteurs \u00bb"},"content":{"rendered":"<p><strong>A l\u2019instar des entreprises du secteur du BTP, le groupe Fenie Brossette a \u00e9t\u00e9 expos\u00e9 \u00e0 une situation particuli\u00e8re marqu\u00e9e par la crise sanitaire. Malgr\u00e9 tout, cet acteur majeur sur le march\u00e9 marocain a pu tirer son \u00e9pingle du jeu. Mieux encore, il a saisi l\u2019occasion pour initier de nouveaux projets de d\u00e9veloppement. Les explications de son directeur g\u00e9n\u00e9ral d\u00e9l\u00e9gu\u00e9, Brahim Chamar.\u00a0<\/strong><\/p>\n<div class=\"c10\">\n<\/div>\n<p><strong>Challenge :<\/strong> <strong>Quelles sont les nouvelles activit\u00e9s sur lesquelles mise le groupe pour la diversification de ses sources de revenus et comment seront-elles d\u00e9ploy\u00e9s dans les ann\u00e9es \u00e0 venir ?\u00a0 \u00a0<\/strong><\/p>\n<p><strong>Brahim Chammar:<\/strong>Fenie Brossette est une soci\u00e9t\u00e9 qui op\u00e8re depuis plus de 90 ans sur plusieurs secteurs d\u2019activit\u00e9 et a toujours su au fil de ces ann\u00e9es, accompagner et participer dans les grands projets de d\u00e9veloppement du Royaume.\u00a0 C\u2019est dans cette m\u00eame perspective, que s\u2019inscrivent nos nouveaux projets de d\u00e9veloppement. Ainsi, et conform\u00e9ment aux orientations strat\u00e9giques du pays et les diff\u00e9rents programmes de d\u00e9veloppement lanc\u00e9s dans les secteurs des \u00e9nergies renouvelables, et de l\u2019eau \u00e0 travers le Programme Prioritaire National d\u2019Approvisionnement en Eau Potable et en irrigation 2020-2027, que l\u2019entreprise a d\u00e9cid\u00e9 d\u2019investir dans ces deux secteurs et de compl\u00e9ter son offre avec l\u2019int\u00e9gration de nouvelles solutions innovantes dans le cr\u00e9neau de l\u2019\u00e9nergie solaire photovolta\u00efque et dans le traitement de l\u2019eau.\u00a0<\/p>\n<p><strong>Lire aussi| <a href=\"https:\/\/www.challenge.ma\/aubergines-les-etats-unis-songent-au-maroc-pour-limport-182044\/\">Aubergines : les \u00c9tats-Unis songent au Maroc pour l\u2019import<\/a><\/strong><\/p>\n<p><strong>Challenge :<\/strong> <strong>La r\u00e9duction aussi inattendue que substantielle de la dette du groupe intervient dans un contexte o\u00f9 vos concurrents ont vu plut\u00f4t leur dette s\u2019accro\u00eetre ! Comment la soci\u00e9t\u00e9 a-t-elle pu r\u00e9aliser cela en faisant face aux r\u00e9percussions de la crise sanitaire?<\/strong><\/p>\n<p><strong>Brahim Chammar<\/strong> <strong>:<\/strong> Notre entreprise a \u00e9t\u00e9 expos\u00e9e comme toutes les autres soci\u00e9t\u00e9s du secteur \u00e0 une situation particuli\u00e8re marqu\u00e9e par la crise sanitaire. Gr\u00e2ce aux efforts et l\u2019engagement de toutes nos \u00e9quipes, nous avons pu faire face aux d\u00e9fis op\u00e9rationnels et financiers qui se sont dress\u00e9s sur notre route, en assurant la continuit\u00e9 de la production, la r\u00e9alisation de nos projets, voire dans certains cas sp\u00e9cifiques acc\u00e9l\u00e9rer et augmenter la cadence de nos livraisons pour les clients qui op\u00e8rent dans certains secteurs strat\u00e9giques.\u00a0<\/p>\n<p>Nous avons \u00e9galement dans cette p\u00e9riode, donn\u00e9 la priorit\u00e9 \u00e0 la ma\u00eetrise de notre besoin en fonds de roulement, ce qui a permis de baisser le niveau d\u2019endettement de la soci\u00e9t\u00e9 et surtout de prouver toute la r\u00e9silience et la capacit\u00e9 de Fenie Brossette \u00e0 sortir de cette crise encore plus forte.<\/p>\n<p><strong>Lire aussi| <a href=\"https:\/\/www.challenge.ma\/sante-le-maroc-va-ouvrir-ses-portes-aux-medecins-etrangers-181997\/\">Sant\u00e9 : le Maroc va ouvrir ses portes aux m\u00e9decins \u00e9trangers<\/a><\/strong><\/p>\n<p>Auteur: challenge<br \/>\n<a href=\"https:\/\/www.challenge.ma\/brahim-chammar-directeur-general-delegue-de-fenie-brossette-fenie-brossette-a-decide-dinvestir-dans-deux-secteurs-181947\/\">Cliquez ici pour lire l&rsquo;article depuis sa source.<\/a><\/p>\n","protected":false},"excerpt":{"rendered":"<p>A l\u2019instar des entreprises du secteur du BTP, le groupe Fenie Brossette a \u00e9t\u00e9 expos\u00e9 \u00e0 une situation particuli\u00e8re marqu\u00e9e par la crise sanitaire. Malgr\u00e9 tout, cet acteur majeur sur le march\u00e9 marocain a pu tirer son \u00e9pingle du jeu. Mieux encore, il a saisi l\u2019occasion pour initier de nouveaux projets de d\u00e9veloppement. Les explications [&hellip;]<\/p>\n","protected":false},"author":1787,"featured_media":0,"comment_status":"closed","ping_status":"closed","sticky":false,"template":"","format":"standard","meta":{"fifu_image_url":"","fifu_image_alt":"","footnotes":""},"categories":[78,54],"tags":[],"class_list":["post-115205","post","type-post","status-publish","format-standard","hentry","category-economie","category-maroc"],"_links":{"self":[{"href":"https:\/\/linitiative.ca\/International\/wp-json\/wp\/v2\/posts\/115205","targetHints":{"allow":["GET"]}}],"collection":[{"href":"https:\/\/linitiative.ca\/International\/wp-json\/wp\/v2\/posts"}],"about":[{"href":"https:\/\/linitiative.ca\/International\/wp-json\/wp\/v2\/types\/post"}],"author":[{"embeddable":true,"href":"https:\/\/linitiative.ca\/International\/wp-json\/wp\/v2\/users\/1787"}],"replies":[{"embeddable":true,"href":"https:\/\/linitiative.ca\/International\/wp-json\/wp\/v2\/comments?post=115205"}],"version-history":[{"count":0,"href":"https:\/\/linitiative.ca\/International\/wp-json\/wp\/v2\/posts\/115205\/revisions"}],"wp:attachment":[{"href":"https:\/\/linitiative.ca\/International\/wp-json\/wp\/v2\/media?parent=115205"}],"wp:term":[{"taxonomy":"category","embeddable":true,"href":"https:\/\/linitiative.ca\/International\/wp-json\/wp\/v2\/categories?post=115205"},{"taxonomy":"post_tag","embeddable":true,"href":"https:\/\/linitiative.ca\/International\/wp-json\/wp\/v2\/tags?post=115205"}],"curies":[{"name":"wp","href":"https:\/\/api.w.org\/{rel}","templated":true}]}}