{"id":115206,"date":"2021-04-19T11:34:49","date_gmt":"2021-04-19T15:34:49","guid":{"rendered":"https:\/\/linitiative.ca\/International\/abdellah-el-fergui-president-de-la-confederation-des-tpe-pme-jappelle-les-pouvoirs-publics-a-ne-pas-laisser-mourir-la-tpe\/"},"modified":"2021-04-19T11:34:49","modified_gmt":"2021-04-19T15:34:49","slug":"abdellah-el-fergui-president-de-la-confederation-des-tpe-pme-jappelle-les-pouvoirs-publics-a-ne-pas-laisser-mourir-la-tpe","status":"publish","type":"post","link":"https:\/\/linitiative.ca\/International\/abdellah-el-fergui-president-de-la-confederation-des-tpe-pme-jappelle-les-pouvoirs-publics-a-ne-pas-laisser-mourir-la-tpe\/","title":{"rendered":"Abdellah El Fergui, pr\u00e9sident de la Conf\u00e9d\u00e9ration des TPE\/PME : \u00ab J\u2019appelle les pouvoirs publics \u00e0 ne pas laisser mourir la TPE \u00bb"},"content":{"rendered":"<p><strong>La relance \u00e9conomique est en marche. Plusieurs mesures ont \u00e9t\u00e9 prises par les pouvoirs publics pour soulager les entreprises et les aider \u00e0 remonter la pente dans la conjoncture actuelle marqu\u00e9e par la crise sanitaire. Cependant, les petits patrons estiment qu\u2019ils sont laiss\u00e9s-pour-compte. Abdellah El Fergui\u00a0, Pr\u00e9sident de la Conf\u00e9d\u00e9ration marocaine des TPE\/PME, analyse la situation.<\/strong><\/p>\n<div class=\"c10\">\n<\/div>\n<p><strong>Challenge : O\u00f9 en est la TPE dans le cadre de la relance\u00a0\u00e9conomique ?<\/strong><\/p>\n<p><strong>Abdellah El Fergui:<\/strong> Les diff\u00e9rents m\u00e9canismes pour la relance ont \u00e9t\u00e9 lanc\u00e9s. Mais, ce sont les PME et les grandes entreprises surtout qui en profitent. Comme vous le savez, les TPE n\u2019ont pas d\u2019assises financi\u00e8res, et ont beaucoup d\u2019incidents tels que des impay\u00e9s et autres. Et dans ce cas, il leur est difficile de b\u00e9n\u00e9ficier des produits de relance, dans la mesure o\u00f9 les banques exigent, dans le cadre des produits Damane Oxyg\u00e8ne, Damane Relance, Relance TPE ou encore Intelaka, qu\u2019elles aient un bilan correct. Cela fait qu\u2019une grande majorit\u00e9 de TPE est d\u2019office \u00e9limin\u00e9e. Il y a donc un r\u00e9el probl\u00e8me de financement qui se pose pour la TPE marocaine aujourd\u2019hui. Il est bien \u00e9vident que certains incidents, pour certaines TPE, sont directement li\u00e9es \u00e0 la crise sanitaire (baisse de l\u2019activit\u00e9, retard de paiement\u2026) et pour d\u2019autres, non. On oublie souvent qu\u2019il y a des TPE qui ont aussi du mal \u00e0 faire du recouvrement dans cette p\u00e9riode de crise sanitaire, ce qui p\u00e9nalise leur tr\u00e9sorerie, et les emp\u00eache aussi, comme je l\u2019ai expliqu\u00e9 plut\u00f4t, d\u2019acc\u00e9der au financement propos\u00e9s. Il y a des soci\u00e9t\u00e9s d\u2019Etat qui, jusqu\u2019\u00e0 pr\u00e9sent, n\u2019ont pas encore pay\u00e9 leurs clients TPE. Nous avons alert\u00e9 les minist\u00e8res concern\u00e9s, et nous attendons depuis. L\u2019autre probl\u00e8me concerne le plafonnement \u00e0 10% du chiffre d\u2019affaires de la TPE fix\u00e9 par les pouvoirs publics qui limite aussi la marge de man\u0153uvre. Quand vous prenez des TPE qui r\u00e9alisent un chiffre d\u2019affaires de 300.000 DH, de 500.000 DH ou 800.000 DH, vous imaginez bien que ce n\u2019est pas avec un pr\u00eat atteignant 10% de ce chiffre d\u2019affaires qu\u2019elles vont pouvoir faire la relance \u00e9conomique. C\u2019est donc compliqu\u00e9. Nous avons l\u2019impression que les pouvoirs publics veulent laisser mourir les TPE qui avaient d\u00e9j\u00e0 d\u2019\u00e9normes difficult\u00e9s avant la pand\u00e9mie.<\/p>\n<p><strong>Lire aussi| <a href=\"https:\/\/www.challenge.ma\/parc-eolien-de-melloussa-un-gouffre-financier-ou-un-reve-qui-tarde-a-voir-le-jour-pour-le-groupe-taqa-181923\/\">Parc \u00e9olien de Melloussa : un gouffre financier ou un r\u00eave qui tarde \u00e0 voir le jour pour le groupe Taqa ?<\/a><\/strong><\/p>\n<p><strong>Challenge: Vu la situation que vous d\u00e9crivez, comment les TPE comptent-elle remonter la pente\u00a0?<\/strong><\/p>\n<p><strong>AEF<\/strong>: Aujourd\u2019hui, nous ne parlons m\u00eame plus de relance \u00e9conomique, mais plut\u00f4t de survie de la TPE. Entre temps, nous nous attendions \u00e0 ce qu\u2019apr\u00e8s les 3 mois de confinement en 20202, le gouvernement lance un plan de relance pour la TPE, puisque nous avons des probl\u00e8mes qui sont totalement diff\u00e9rents de ceux de la grande PME ou de la Grande Entreprise. Mais, nous avons eu un plan qui englob\u00e9 tout le monde. D\u2019ailleurs, nous avions r\u00e9alis\u00e9 apr\u00e8s le confinement qui a montr\u00e9 que 83,7% des TPE\/PME \u00e9taient en arr\u00eat total d\u2019activit\u00e9. Le gouvernement a pr\u00e9f\u00e9r\u00e9 discuter avec quelques f\u00e9d\u00e9rations ici et l\u00e0, et prendre aussi quelques actions. Certes, il y a les mesures de la CNSS (Caisse nationale de s\u00e9curit\u00e9 sociale) qui ont soulag\u00e9 beaucoup de secteurs, mais j\u2019insiste quand-m\u00eame sur le fait que ces mesures ont profit\u00e9 aux PME qui ont des salari\u00e9s d\u00e9clar\u00e9s, alors que vous savez qu\u2019au Maroc une grande majorit\u00e9 des TPE, qui n\u00e9anmoins repr\u00e9sentent plus de 90% du tissu \u00e9conomique national, ont des salari\u00e9s non d\u00e9clar\u00e9s. Donc, je pense que c\u2019est une s\u00e9rieuse probl\u00e9matique \u00e0 laquelle il faudra s\u2019attaquer.<\/p>\n<p><strong>Lire aussi| <a href=\"https:\/\/www.challenge.ma\/brahim-chammar-directeur-general-delegue-de-fenie-brossette-fenie-brossette-a-decide-dinvestir-dans-deux-secteurs-181947\/\">Brahim Chammar, Directeur g\u00e9n\u00e9ral d\u00e9l\u00e9gu\u00e9 de Fenie Brossette : \u00abFenie Brossette a d\u00e9cid\u00e9 d\u2019investir dans deux secteurs\u00bb<\/a><\/strong><\/p>\n<p><strong>Challenge: La campagne de vaccination contre le coronavirus avance bien au Maroc, et peut-\u00eatre que le gouvernement pourrait envisager de desserrer un peu les mesures de restrictions en vigueur pour permettre une reprise plus importante de l\u2019activit\u00e9 \u00e9conomique. Les caf\u00e9s et autres restaurants pourraient donc reprendre une activit\u00e9 normale comme avant le coronavirus, si tout se passe bien. Comme pr\u00e9parez-vous cette reprise\u00a0?<\/strong><\/p>\n<p><strong>AEF<\/strong>: Nous sommes d\u00e9j\u00e0 en train de discuter entre f\u00e9d\u00e9rations et associations et ce, fili\u00e8re par fili\u00e8re. L\u2019objectif est d\u2019installer une synergie dans la pr\u00e9paration et dans les actions \u00e0 mener dans ce sens. Il s\u2019agit des professionnels des caf\u00e9 et restaurants, des professionnels du transport touristique, les agences de location de voitures, etc. Je pense que les pouvoirs publics doivent discuter avec nous pour au moins trouver une solution pour ces TPE. Ce sont des entreprises qui ont besoin parfois juste de petites aides pour survivre. Une bonne partie des TPE ne profite pas des mesures du Comit\u00e9 de veille \u00e9conomique (CVE) parce qu\u2019elles ont des arri\u00e9r\u00e9s de CNSS \u00e0 payer. Mais, j\u2019appelle les pouvoirs publics \u00e0 ne pas laisser mourir la TPE.<\/p>\n<p>Auteur: challenge<br \/>\n<a href=\"https:\/\/www.challenge.ma\/abdellah-el-fergui-president-de-la-confederation-des-tpe-pme-jappelle-les-pouvoirs-publics-a-ne-pas-laisser-mourir-la-tpe-182061\/\">Cliquez ici pour lire l&rsquo;article depuis sa source.<\/a><\/p>\n","protected":false},"excerpt":{"rendered":"<p>La relance \u00e9conomique est en marche. Plusieurs mesures ont \u00e9t\u00e9 prises par les pouvoirs publics pour soulager les entreprises et les aider \u00e0 remonter la pente dans la conjoncture actuelle marqu\u00e9e par la crise sanitaire. Cependant, les petits patrons estiment qu\u2019ils sont laiss\u00e9s-pour-compte. Abdellah El Fergui\u00a0, Pr\u00e9sident de la Conf\u00e9d\u00e9ration marocaine des TPE\/PME, analyse la [&hellip;]<\/p>\n","protected":false},"author":1787,"featured_media":0,"comment_status":"closed","ping_status":"closed","sticky":false,"template":"","format":"standard","meta":{"fifu_image_url":"","fifu_image_alt":"","footnotes":""},"categories":[78,54],"tags":[],"class_list":["post-115206","post","type-post","status-publish","format-standard","hentry","category-economie","category-maroc"],"_links":{"self":[{"href":"https:\/\/linitiative.ca\/International\/wp-json\/wp\/v2\/posts\/115206","targetHints":{"allow":["GET"]}}],"collection":[{"href":"https:\/\/linitiative.ca\/International\/wp-json\/wp\/v2\/posts"}],"about":[{"href":"https:\/\/linitiative.ca\/International\/wp-json\/wp\/v2\/types\/post"}],"author":[{"embeddable":true,"href":"https:\/\/linitiative.ca\/International\/wp-json\/wp\/v2\/users\/1787"}],"replies":[{"embeddable":true,"href":"https:\/\/linitiative.ca\/International\/wp-json\/wp\/v2\/comments?post=115206"}],"version-history":[{"count":0,"href":"https:\/\/linitiative.ca\/International\/wp-json\/wp\/v2\/posts\/115206\/revisions"}],"wp:attachment":[{"href":"https:\/\/linitiative.ca\/International\/wp-json\/wp\/v2\/media?parent=115206"}],"wp:term":[{"taxonomy":"category","embeddable":true,"href":"https:\/\/linitiative.ca\/International\/wp-json\/wp\/v2\/categories?post=115206"},{"taxonomy":"post_tag","embeddable":true,"href":"https:\/\/linitiative.ca\/International\/wp-json\/wp\/v2\/tags?post=115206"}],"curies":[{"name":"wp","href":"https:\/\/api.w.org\/{rel}","templated":true}]}}