{"id":115207,"date":"2021-04-19T12:26:54","date_gmt":"2021-04-19T16:26:54","guid":{"rendered":"https:\/\/linitiative.ca\/International\/mohammadin-boubekri-president-de-lordre-des-medecins-nous-navons-aucune-reserve-pour-le-recrutement-de-medecins-etrangers-sauf-une\/"},"modified":"2021-04-19T12:26:54","modified_gmt":"2021-04-19T16:26:54","slug":"mohammadin-boubekri-president-de-lordre-des-medecins-nous-navons-aucune-reserve-pour-le-recrutement-de-medecins-etrangers-sauf-une","status":"publish","type":"post","link":"https:\/\/linitiative.ca\/International\/mohammadin-boubekri-president-de-lordre-des-medecins-nous-navons-aucune-reserve-pour-le-recrutement-de-medecins-etrangers-sauf-une\/","title":{"rendered":"Mohammadin Boubekri, pr\u00e9sident de l\u2019Ordre des m\u00e9decins : \u00ab Nous n\u2019avons aucune r\u00e9serve pour le recrutement de m\u00e9decins \u00e9trangers sauf une \u00bb"},"content":{"rendered":"<p><strong>Le Maroc va proc\u00e9der \u00e0 l\u2019ouverture de la <a href=\"https:\/\/www.challenge.ma\/sante-le-maroc-va-ouvrir-ses-portes-aux-medecins-etrangers-181997\/\">pratique de la m\u00e9decine aux comp\u00e9tences \u00e9trang\u00e8res.<\/a> Son objectif\u00a0: renforcer les comp\u00e9tences nationales en mati\u00e8re de sant\u00e9 afin faire face au manque de praticiens pour la r\u00e9ussite du chantier de la g\u00e9n\u00e9ralisation de la s\u00e9curit\u00e9 sociale. Qu\u2019en pense le Conseil national de l\u2019Ordre des m\u00e9decins (CNOM)\u00a0? Si son pr\u00e9sident, Dr Mohammadin Boubekri, ne voit aucun inconv\u00e9nient juridique \u00e0 l\u2019inscription des ces praticiens venus d\u2019ailleurs, il soul\u00e8ve n\u00e9anmoins une seule r\u00e9serve\u00a0: \u00ab\u00a0il faut la r\u00e9ciprocit\u00e9\u00a0\u00bb.<\/strong><\/p>\n<div class=\"c10\">\n<\/div>\n<p><strong>Challenge\u00a0: Le Maroc va ouvrir ses portes aux m\u00e9decins \u00e9trangers afin d\u2019accompagner la future g\u00e9n\u00e9ralisation de la s\u00e9curit\u00e9 sociale. Qu\u2019en pensez-vous\u00a0?<\/strong><\/p>\n<p><strong>Mohammadin Boubekri\u00a0:<\/strong> Ce grand chantier qui permettra la g\u00e9n\u00e9ralisation de la protection sociale sera tr\u00e8s b\u00e9n\u00e9fique pour notre syst\u00e8me de sant\u00e9 et pour le citoyen marocain. Pourquoi le citoyen marocain\u00a0? Quand on a lanc\u00e9 l\u2019Assurance Maladie Obligatoire de base (AMO), on a pens\u00e9 en faire autant pour les d\u00e9munis avec le R\u00e9gime d\u2019Assistance M\u00e9dicale (RAMED) qui n\u2019a pas donn\u00e9 les r\u00e9sultats escompt\u00e9s. Mais cette g\u00e9n\u00e9ralisation de l\u2019Assurance maladie obligatoire profitera \u00e0 22 millions de Marocains suppl\u00e9mentaires d\u00e9pourvus d\u2019assurance maladie. C\u2019est pourquoi, vu le manque de m\u00e9decins et l\u2019in\u00e9galit\u00e9 dans la r\u00e9partition des praticiens sur le territoire national, cette d\u00e9cision de proc\u00e9der \u00e0 l\u2019ouverture de la pratique de la m\u00e9decine aux comp\u00e9tences \u00e9trang\u00e8res pour exercer dans les zones lointaines et dans les zones o\u00f9 il y a un d\u00e9ficit de m\u00e9decins, est logique. C\u2019est m\u00eame un atout pour notre syst\u00e8me de sant\u00e9.<\/p>\n<p><strong>Lire aussi| <a href=\"https:\/\/www.challenge.ma\/sante-le-maroc-va-ouvrir-ses-portes-aux-medecins-etrangers-181997\/\">Sant\u00e9 : le Maroc va ouvrir ses portes aux m\u00e9decins \u00e9trangers<\/a><\/strong><\/p>\n<p><strong>Challenge\u00a0:<\/strong> <strong>Y aura-t-il un inconv\u00e9nient juridique \u00e0 l\u2019inscription des ces praticiens qui vont venir d\u2019ailleurs ?<\/strong><\/p>\n<p><strong>M.B\u00a0:<\/strong> Il n\u2019y a aucun inconv\u00e9nient juridique \u00e0 l\u2019inscription des ces praticiens \u00e9trangers. D\u2019ailleurs, dans la loi n\u00b0 131-13 relative \u00e0 l\u2019exercice de la m\u00e9decine au Maroc, il y a un article qui autorise le m\u00e9decin \u00e9tranger \u00e0 pratiquer la m\u00e9decine sur le territoire national pendant un mois par an. Il suffira seulement alors de changer cette disposition et tout rentrera dans l\u2019ordre.<\/p>\n<p><strong>Challenge\u00a0:<\/strong> <strong>Sur le terrain,<\/strong> <strong>quelles sont les difficult\u00e9s que pourraient rencontrer ces m\u00e9decins \u00e9trangers quand on sait<\/strong> <strong>qu\u2019ils ne parleront pas forc\u00e9ment l\u2019arabe ni l\u2019Amazighe, sans parler de la culture du pays\u00a0?<\/strong><\/p>\n<p><strong>M.B\u00a0:<\/strong> Quand on re\u00e7oit son dipl\u00f4me de doctorat en m\u00e9decine, on ne connait pas forc\u00e9ment tout le territoire marocain et le dialecte Amazighe ou encore les coutumes dans toutes les r\u00e9gions du pays. Il n\u2019emp\u00eache qu\u2019on peut \u00eatre affect\u00e9 dans n\u2019importe quelle r\u00e9gion du Maroc. Mais g\u00e9n\u00e9ralement au bout d\u2019une ann\u00e9e, le praticien prend ses marques. C\u2019est pour vous dire qu\u2019il en serait ainsi pour les m\u00e9decins \u00e9trangers qui auront le temps d\u2019apprendre la langue Arabe ou la langue Amazighe ou les coutumes de ces zones lointaines.<\/p>\n<p><strong>Challenge\u00a0: Est-ce \u00e0 dire finalement que vous n\u2019avez aucune r\u00e9serve\u00a0?<\/strong><\/p>\n<p><strong>M.B\u00a0:<\/strong> \u00a0Nous en avons une. En \u00a0fait, nous demandons la r\u00e9ciprocit\u00e9\u00a0: si les comp\u00e9tences \u00e9trang\u00e8res viennent exercer au Maroc, il faut la m\u00eame autorisation pour les m\u00e9decins marocains \u00a0dans ces pays-l\u00e0.<\/p>\n<p><strong>Lire aussi| <a href=\"https:\/\/www.challenge.ma\/aubergines-les-etats-unis-songent-au-maroc-pour-limport-182044\/\">Aubergines : les \u00c9tats-Unis songent au Maroc pour l\u2019import<\/a><\/strong><\/p>\n<p>Auteur: Adama Sylla<br \/>\n<a href=\"https:\/\/www.challenge.ma\/mohammadin-boubekri-president-de-lordre-des-medecins-nous-navons-aucune-reserve-pour-le-recrutement-de-medecins-etrangers-sauf-une-182083\/\">Cliquez ici pour lire l&rsquo;article depuis sa source.<\/a><\/p>\n","protected":false},"excerpt":{"rendered":"<p>Le Maroc va proc\u00e9der \u00e0 l\u2019ouverture de la pratique de la m\u00e9decine aux comp\u00e9tences \u00e9trang\u00e8res. Son objectif\u00a0: renforcer les comp\u00e9tences nationales en mati\u00e8re de sant\u00e9 afin faire face au manque de praticiens pour la r\u00e9ussite du chantier de la g\u00e9n\u00e9ralisation de la s\u00e9curit\u00e9 sociale. Qu\u2019en pense le Conseil national de l\u2019Ordre des m\u00e9decins (CNOM)\u00a0? Si [&hellip;]<\/p>\n","protected":false},"author":1787,"featured_media":0,"comment_status":"closed","ping_status":"closed","sticky":false,"template":"","format":"standard","meta":{"fifu_image_url":"","fifu_image_alt":"","footnotes":""},"categories":[78,54],"tags":[],"class_list":["post-115207","post","type-post","status-publish","format-standard","hentry","category-economie","category-maroc"],"_links":{"self":[{"href":"https:\/\/linitiative.ca\/International\/wp-json\/wp\/v2\/posts\/115207","targetHints":{"allow":["GET"]}}],"collection":[{"href":"https:\/\/linitiative.ca\/International\/wp-json\/wp\/v2\/posts"}],"about":[{"href":"https:\/\/linitiative.ca\/International\/wp-json\/wp\/v2\/types\/post"}],"author":[{"embeddable":true,"href":"https:\/\/linitiative.ca\/International\/wp-json\/wp\/v2\/users\/1787"}],"replies":[{"embeddable":true,"href":"https:\/\/linitiative.ca\/International\/wp-json\/wp\/v2\/comments?post=115207"}],"version-history":[{"count":0,"href":"https:\/\/linitiative.ca\/International\/wp-json\/wp\/v2\/posts\/115207\/revisions"}],"wp:attachment":[{"href":"https:\/\/linitiative.ca\/International\/wp-json\/wp\/v2\/media?parent=115207"}],"wp:term":[{"taxonomy":"category","embeddable":true,"href":"https:\/\/linitiative.ca\/International\/wp-json\/wp\/v2\/categories?post=115207"},{"taxonomy":"post_tag","embeddable":true,"href":"https:\/\/linitiative.ca\/International\/wp-json\/wp\/v2\/tags?post=115207"}],"curies":[{"name":"wp","href":"https:\/\/api.w.org\/{rel}","templated":true}]}}