{"id":115218,"date":"2021-04-18T18:52:02","date_gmt":"2021-04-18T22:52:02","guid":{"rendered":"https:\/\/linitiative.ca\/International\/cooperation-bilaterale-la-france-simpregne-des-projets-finances-a-dori\/"},"modified":"2021-04-18T18:52:02","modified_gmt":"2021-04-18T22:52:02","slug":"cooperation-bilaterale-la-france-simpregne-des-projets-finances-a-dori","status":"publish","type":"post","link":"https:\/\/linitiative.ca\/International\/cooperation-bilaterale-la-france-simpregne-des-projets-finances-a-dori\/","title":{"rendered":"Coop\u00e9ration bilat\u00e9rale  : La France s\u2019impr\u00e8gne des projets financ\u00e9s \u00e0 Dori"},"content":{"rendered":"<div class=\"td-post-featured-image\">\n<figure><a href=\"https:\/\/www.sidwaya.info\/wp-content\/uploads\/2021\/04\/france1.jpg\" data-caption=\"L\u2019ambassadeur de France au Burkina Faso, Luc Hallade : \u00ab La pr\u00e9sence de la d\u00e9l\u00e9gation fran\u00e7aise dans la r\u00e9gion du Sahel consiste \u00e0 pr\u00e9parer de nouvelles actions\u00bb\"><img loading=\"lazy\" decoding=\"async\" width=\"696\" height=\"600\" class=\"entry-thumb td-modal-image\" src=\"https:\/\/www.sidwaya.info\/wp-content\/uploads\/2021\/04\/france1-696x600.jpg\" srcset=\"https:\/\/www.sidwaya.info\/wp-content\/uploads\/2021\/04\/france1-696x600.jpg 696w, https:\/\/www.sidwaya.info\/wp-content\/uploads\/2021\/04\/france1-300x258.jpg 300w, https:\/\/www.sidwaya.info\/wp-content\/uploads\/2021\/04\/france1-768x662.jpg 768w, https:\/\/www.sidwaya.info\/wp-content\/uploads\/2021\/04\/france1-150x129.jpg 150w, https:\/\/www.sidwaya.info\/wp-content\/uploads\/2021\/04\/france1-488x420.jpg 488w, https:\/\/www.sidwaya.info\/wp-content\/uploads\/2021\/04\/france1.jpg 780w\" sizes=\"auto, (max-width: 696px) 100vw, 696px\" alt=\"\" title=\"france1\"\/><\/a><figcaption class=\"wp-caption-text\">L\u2019ambassadeur de France au Burkina Faso, Luc Hallade : \u00ab La pr\u00e9sence de la d\u00e9l\u00e9gation fran\u00e7aise dans la r\u00e9gion du Sahel consiste \u00e0 pr\u00e9parer de nouvelles actions\u00bb<\/figcaption><\/figure>\n<\/div>\n<p><strong>Le directeur du Centre de crise et de soutien (CDCS) du minist\u00e8re fran\u00e7ais de l\u2019Europe et des Affaires \u00e9trang\u00e8res, Eric Chevalier, accompagn\u00e9 de l\u2019ambassadeur de France au Burkina Faso, Luc Hallade, se sont impr\u00e9gn\u00e9s, le mardi 13 avril 2021, des projets financ\u00e9s par leur pays \u00e0 Dori.<\/strong><\/p>\n<p>Le s\u00e9jour sah\u00e9lien du directeur du Centre de crise et de soutien (CDCS) du minist\u00e8re fran\u00e7ais de l\u2019Europe et des Affaires \u00e9trang\u00e8res, \u00c9ric Chevalier, a d\u00e9but\u00e9 par une audience avec le gouverneur de la r\u00e9gion du Sahel le colonel-major, Salfo Kabor\u00e9, le mardi 13 avril 2021 \u00e0 Dori. M. Chevalier et sa d\u00e9l\u00e9gation ont ensuite proc\u00e9d\u00e9 \u00e0 l\u2019inauguration du march\u00e9 de Wendou, un quartier de Dori, avant d\u2019\u00e9changer avec l\u2019ONG A2N qui met en \u0153uvre le projet d\u2019urgence pour le renforcement de la coh\u00e9sion sociale par la r\u00e9habilitation d\u2019infrastructures scolaires et sanitaires dans la commune de Dori.<\/p>\n<p>Le s\u00e9jour du directeur du CDCS s\u2019est poursuivi par la visite du centre de secours en construction et la piste d\u2019atterrissage de l\u2019a\u00e9rodrome de Dori. Selon Eric Chevalier, il a fait le d\u00e9placement de la capitale du Sahel pour s\u2019impr\u00e9gner des projets de d\u00e9veloppement que son pays soutient en appui aux efforts des autorit\u00e9s burkinab\u00e8. Par ailleurs, il a fait savoir que sa pr\u00e9sence dans cette partie du Burkina consiste \u00e9galement \u00e0 envisager de nouveaux projets \u00e0 financer dans le domaine de la s\u00e9curit\u00e9, de l\u2019actionhumanitaire, du d\u00e9veloppement socio\u00e9conomique, de la formation professionnelle et du soutien \u00e0 l\u2019agropastoralisme.<\/p>\n<p>\u00ab J\u2019ai \u00e9t\u00e9 impressionn\u00e9 par la dynamique des autorit\u00e9s et des populations qui veulent agir dans le sens du d\u00e9veloppement. A la demande des plus hautes autorit\u00e9s fran\u00e7aises, il a \u00e9t\u00e9 d\u00e9cid\u00e9 d\u2019augmenter le financement du CDCS, en partenariat avec l\u2019Agence fran\u00e7aise de d\u00e9veloppement \u00bb, a promis le directeur Chevalier. Pour sa part, l\u2019ambassadeur de France au Burkina Faso, Luc Hallade, a expliqu\u00e9 que le CDCS et l\u2019AFD sont parfaitement compl\u00e9mentaires. De son avis, Dori est une preuve concr\u00e8te en ce sens que le CDCS finance des projets \u00e0 impact rapide et si le projet est actif et efficace, l\u2019AFD prend le relais en y mettant plus de financement.<\/p>\n<h3>Toucher du doigt les r\u00e9alisations<\/h3>\n<figure id=\"attachment_34510\" aria-describedby=\"caption-attachment-34510\" class=\"wp-caption alignleft c1\"><img decoding=\"async\" loading=\"lazy\" class=\"size-medium wp-image-34510\" src=\"https:\/\/www.sidwaya.info\/wp-content\/uploads\/2021\/04\/france-300x296.jpg\" alt=\"\" width=\"300\" height=\"296\" srcset=\"https:\/\/www.sidwaya.info\/wp-content\/uploads\/2021\/04\/france-300x296.jpg 300w, https:\/\/www.sidwaya.info\/wp-content\/uploads\/2021\/04\/france-768x758.jpg 768w, https:\/\/www.sidwaya.info\/wp-content\/uploads\/2021\/04\/france-150x148.jpg 150w, https:\/\/www.sidwaya.info\/wp-content\/uploads\/2021\/04\/france-696x687.jpg 696w, https:\/\/www.sidwaya.info\/wp-content\/uploads\/2021\/04\/france-425x420.jpg 425w, https:\/\/www.sidwaya.info\/wp-content\/uploads\/2021\/04\/france.jpg 780w\" sizes=\"auto, (max-width: 300px) 100vw, 300px\"\/><figcaption id=\"caption-attachment-34510\" class=\"wp-caption-text\">Le directeur du Centre de crise et de soutien (CDCS) du minist\u00e8re fran\u00e7ais des Affaires \u00e9trang\u00e8res, Eric Chevalier : \u00ab Nous poursuivrons et augmenterons le financement des projets que la France soutient dans<br \/>la zone \u00bb<\/figcaption><\/figure>\n<p>Quant au d\u00e9put\u00e9-maire de Dori, Ahmed Aziz Diallo, il s\u2019est r\u00e9joui de la pr\u00e9sence de la d\u00e9l\u00e9gation fran\u00e7aise. Selon lui, la France a toujours \u00e9t\u00e9 \u00e0 l\u2019\u00e9coute des populations de sa commune et ce, dans le cadre d\u2019un partenariat qui a permis de mettre en \u0153uvre plusieurs activit\u00e9s. \u00ab Nous saluons cette visite dans la mesure o\u00f9 elle a permis \u00e0 nos bailleurs de fonds de venir toucher du doigt les r\u00e9alisations et surtout \u00e9changer directement avec les b\u00e9n\u00e9ficiaires des diff\u00e9rents projets. Cela leur permet de conna\u00eetre l\u2019impact de leur financement dans les villages de Dori \u00bb, s\u2019est f\u00e9licit\u00e9 le d\u00e9put\u00e9-maire de Dori. A propos du march\u00e9 inaugur\u00e9 au quartier Wendou, le bourgmestre a indiqu\u00e9 qu\u2019il a \u00e9t\u00e9 financ\u00e9 par l\u2019AFD \u00e0 hauteur de 35 millions F CFA. A l\u2019entendre, ce march\u00e9 est d\u2019une importance capitale, car il contribuera \u00e0 d\u00e9sengorger le march\u00e9 central et participera au d\u00e9veloppement des activit\u00e9s socio\u00e9conomiques de la commune.<\/p>\n<p>A en croire le directeur ex\u00e9cutif de l\u2019ONG A2N, Oumarou Ciss\u00e9, le projet d\u2019urgence pour le renforcement de la coh\u00e9sion sociale par la r\u00e9habilitation d\u2019infrastructures scolaires et sanitaires dans la commune de Dori est financ\u00e9 par l\u2019AFD \u00e0 524 millions F CFA pour 18 mois. A cet effet, il a soulign\u00e9 que d\u00e9but\u00e9 en novembre dernier, le projet a permis de r\u00e9habiliter des \u00e9coles primaires et des centres de sant\u00e9, contribuer \u00e0 la s\u00e9curisation des terres et de leurs usages afin de r\u00e9duire les conflits li\u00e9s au foncier et \u00e0 la dynamisation du dialogue social entre communaut\u00e9s, d\u2019une part, et entre celles-ci et instances de gouvernance locale, d\u2019autre part.<\/p>\n<p class=\"c2\"><strong>Souaibou NOMBRE<\/strong><br \/>Snombre29@yahoo.fr<\/p>\n<div class=\"td-a-rec td-a-rec-id-content_bottom tdi_33_afd td_block_template_1\">\n<p><img loading=\"lazy\" decoding=\"async\" class=\"aligncenter size-full wp-image-27454\" src=\"https:\/\/www.sidwaya.info\/wp-content\/uploads\/2020\/10\/PUB-Bandeau-paiement-mobile-siteweb.jpg\" alt=\"\" width=\"728\" height=\"90\"\/><\/div>\n<p>Auteur: JK. Sidwaya<br \/>\n<a href=\"https:\/\/www.sidwaya.info\/blog\/2021\/04\/18\/cooperation-bilaterale-la-france-simpregne-des-projets-finances-a-dori\/\">Cliquez ici pour lire l&rsquo;article depuis sa source.<\/a><\/p>\n","protected":false},"excerpt":{"rendered":"<p>L\u2019ambassadeur de France au Burkina Faso, Luc Hallade : \u00ab La pr\u00e9sence de la d\u00e9l\u00e9gation fran\u00e7aise dans la r\u00e9gion du Sahel consiste \u00e0 pr\u00e9parer de nouvelles actions\u00bb Le directeur du Centre de crise et de soutien (CDCS) du minist\u00e8re fran\u00e7ais de l\u2019Europe et des Affaires \u00e9trang\u00e8res, Eric Chevalier, accompagn\u00e9 de l\u2019ambassadeur de France au Burkina [&hellip;]<\/p>\n","protected":false},"author":1816,"featured_media":0,"comment_status":"closed","ping_status":"closed","sticky":false,"template":"","format":"standard","meta":{"fifu_image_url":"https:\/\/www.sidwaya.info\/wp-content\/uploads\/2021\/04\/france1-696x600.jpg","fifu_image_alt":"Coop\u00e9ration bilat\u00e9rale  : La France s\u2019impr\u00e8gne des projets financ\u00e9s \u00e0 Dori","footnotes":""},"categories":[73,81],"tags":[],"class_list":["post-115218","post","type-post","status-publish","format-standard","hentry","category-actualite","category-burkina-faso"],"_links":{"self":[{"href":"https:\/\/linitiative.ca\/International\/wp-json\/wp\/v2\/posts\/115218","targetHints":{"allow":["GET"]}}],"collection":[{"href":"https:\/\/linitiative.ca\/International\/wp-json\/wp\/v2\/posts"}],"about":[{"href":"https:\/\/linitiative.ca\/International\/wp-json\/wp\/v2\/types\/post"}],"author":[{"embeddable":true,"href":"https:\/\/linitiative.ca\/International\/wp-json\/wp\/v2\/users\/1816"}],"replies":[{"embeddable":true,"href":"https:\/\/linitiative.ca\/International\/wp-json\/wp\/v2\/comments?post=115218"}],"version-history":[{"count":0,"href":"https:\/\/linitiative.ca\/International\/wp-json\/wp\/v2\/posts\/115218\/revisions"}],"wp:attachment":[{"href":"https:\/\/linitiative.ca\/International\/wp-json\/wp\/v2\/media?parent=115218"}],"wp:term":[{"taxonomy":"category","embeddable":true,"href":"https:\/\/linitiative.ca\/International\/wp-json\/wp\/v2\/categories?post=115218"},{"taxonomy":"post_tag","embeddable":true,"href":"https:\/\/linitiative.ca\/International\/wp-json\/wp\/v2\/tags?post=115218"}],"curies":[{"name":"wp","href":"https:\/\/api.w.org\/{rel}","templated":true}]}}