{"id":115220,"date":"2021-04-19T15:18:02","date_gmt":"2021-04-19T19:18:02","guid":{"rendered":"https:\/\/linitiative.ca\/International\/une-nouvelle-aide-humanitaire-de-lue-a-lethiopie\/"},"modified":"2021-04-19T15:18:02","modified_gmt":"2021-04-19T19:18:02","slug":"une-nouvelle-aide-humanitaire-de-lue-a-lethiopie","status":"publish","type":"post","link":"https:\/\/linitiative.ca\/International\/une-nouvelle-aide-humanitaire-de-lue-a-lethiopie\/","title":{"rendered":"Une nouvelle aide humanitaire de l\u2019UE \u00e0 l\u2019Ethiopie"},"content":{"rendered":"<div readability=\"32\">\n<p>Publi\u00e9 le 19.04.2021 \u00e0 20h18 par APA News<\/p>\n<\/div>\n<div readability=\"68\">\n<p>L\u2019Union europ\u00e9enne (UE) a annonc\u00e9, ce lundi, un nouveau financement de 53,7 millions d\u2019euros en aide humanitaire \u00e0 l\u2019Ethiopie.Ces fonds serviront \u00e0 r\u00e9pondre aux besoins aigus des personnes touch\u00e9es par les conflits et les chocs climatiques, notamment les populations d\u00e9plac\u00e9es et les communaut\u00e9s qui les accueillent.<\/p>\n<p>L\u2019enveloppe s\u2019ajoute \u00e0 un financement suppl\u00e9mentaire pour le Tigr\u00e9 l\u2019ann\u00e9e derni\u00e8re, qui a port\u00e9 le financement total de l\u2019UE pour les partenaires humanitaires en \u00c9thiopie \u00e0 plus de 63 millions d\u2019euros en 2020.<\/p>\n<p>Dans un communiqu\u00e9, l\u2019UE annonce que son Commissaire charg\u00e9 de la gestion des crises, Janez Lenar\u010di\u010d, arrivera demain mardi en \u00c9thiopie pour rencontrer le vice-Premier ministre \u00e9thiopien, Demeke Mekonnen.<\/p>\n<p>L\u2019UE a lanc\u00e9 dimanche dernier trois nouvelles subventions pour soutenir le travail de l\u2019IGAD dans la promotion de la paix et de la stabilit\u00e9 dans la Corne de l\u2019Afrique.<\/p>\n<p>Les subventions, d\u2019un montant de 4,2 millions d\u2019euros, font partie du programme du Fonds fiduciaire de l\u2019UE, l\u2019Agence autrichienne de d\u00e9veloppement, les Pays-Bas et l\u2019Agence su\u00e9doise de coop\u00e9ration internationale au d\u00e9veloppement.<\/p>\n<p>Elles font partie de l\u2019enveloppe globale de 36 millions d\u2019euros fournie dans le cadre de la promotion de la paix et de la stabilit\u00e9 dans la r\u00e9gion de la Corne de l\u2019Afrique par l\u2019IGAD (IPPSHAR).<\/p>\n<\/div>\n<p>Auteur: APA News<br \/>\n<a href=\"https:\/\/www.journalducameroun.com\/une-nouvelle-aide-humanitaire-de-lue-a-lethiopie\/\">Cliquez ici pour lire l&rsquo;article depuis sa source.<\/a><\/p>\n","protected":false},"excerpt":{"rendered":"<p>Publi\u00e9 le 19.04.2021 \u00e0 20h18 par APA News L\u2019Union europ\u00e9enne (UE) a annonc\u00e9, ce lundi, un nouveau financement de 53,7 millions d\u2019euros en aide humanitaire \u00e0 l\u2019Ethiopie.Ces fonds serviront \u00e0 r\u00e9pondre aux besoins aigus des personnes touch\u00e9es par les conflits et les chocs climatiques, notamment les populations d\u00e9plac\u00e9es et les communaut\u00e9s qui les accueillent. L\u2019enveloppe [&hellip;]<\/p>\n","protected":false},"author":1965,"featured_media":0,"comment_status":"closed","ping_status":"closed","sticky":false,"template":"","format":"standard","meta":{"fifu_image_url":"","fifu_image_alt":"","footnotes":""},"categories":[73,82],"tags":[],"class_list":["post-115220","post","type-post","status-publish","format-standard","hentry","category-actualite","category-cameroun"],"_links":{"self":[{"href":"https:\/\/linitiative.ca\/International\/wp-json\/wp\/v2\/posts\/115220","targetHints":{"allow":["GET"]}}],"collection":[{"href":"https:\/\/linitiative.ca\/International\/wp-json\/wp\/v2\/posts"}],"about":[{"href":"https:\/\/linitiative.ca\/International\/wp-json\/wp\/v2\/types\/post"}],"author":[{"embeddable":true,"href":"https:\/\/linitiative.ca\/International\/wp-json\/wp\/v2\/users\/1965"}],"replies":[{"embeddable":true,"href":"https:\/\/linitiative.ca\/International\/wp-json\/wp\/v2\/comments?post=115220"}],"version-history":[{"count":0,"href":"https:\/\/linitiative.ca\/International\/wp-json\/wp\/v2\/posts\/115220\/revisions"}],"wp:attachment":[{"href":"https:\/\/linitiative.ca\/International\/wp-json\/wp\/v2\/media?parent=115220"}],"wp:term":[{"taxonomy":"category","embeddable":true,"href":"https:\/\/linitiative.ca\/International\/wp-json\/wp\/v2\/categories?post=115220"},{"taxonomy":"post_tag","embeddable":true,"href":"https:\/\/linitiative.ca\/International\/wp-json\/wp\/v2\/tags?post=115220"}],"curies":[{"name":"wp","href":"https:\/\/api.w.org\/{rel}","templated":true}]}}