{"id":115221,"date":"2021-04-19T15:18:02","date_gmt":"2021-04-19T19:18:02","guid":{"rendered":"https:\/\/linitiative.ca\/International\/mariatou-kone-annonce-309-milliards-fcfa-pour-les-fondateurs-des-ecoles-privees-ivoiriennes\/"},"modified":"2021-04-19T15:18:02","modified_gmt":"2021-04-19T19:18:02","slug":"mariatou-kone-annonce-309-milliards-fcfa-pour-les-fondateurs-des-ecoles-privees-ivoiriennes","status":"publish","type":"post","link":"https:\/\/linitiative.ca\/International\/mariatou-kone-annonce-309-milliards-fcfa-pour-les-fondateurs-des-ecoles-privees-ivoiriennes\/","title":{"rendered":"Mariatou Kon\u00e9 annonce 30,9 milliards FCFA pour les fondateurs des \u00e9coles priv\u00e9es ivoiriennes"},"content":{"rendered":"<div readability=\"32\">\n<p>Publi\u00e9 le 19.04.2021 \u00e0 20h18 par APA News<\/p>\n<\/div>\n<div readability=\"117\">\n<p>La nouvelle ministre de l\u2019\u00e9ducation nationale et de l\u2019alphab\u00e9tisation, Pr Mariatou Kon\u00e9 a annonc\u00e9, lundi soir, le d\u00e9blocage de 30,9 milliards FCFA pour les fondateurs des \u00e9coles priv\u00e9es ivoiriennes qui mena\u00e7aient de d\u00e9brayer en fermant les \u00e9tablissements scolaires priv\u00e9s la\u00efcs et confessionnels.\u00a0<\/p>\n<p>La ministre a fait cette annonce \u00e0 l\u2019issue d\u2019une rencontre avec la Conf\u00e9rence des pr\u00e9sidents des associations de fondateurs d\u2019\u00e9tablissements scolaires priv\u00e9s la\u00efcs et confessionnels de C\u00f4te d\u2019Ivoire (CPAFESP).\u00a0<\/p>\n<p>\u00ab Apr\u00e8s plusieurs discussions, plusieurs s\u00e9ances de travail, aujourd\u2019hui c\u2019est la grande rencontre pour mettre \u00e0 z\u00e9ro le compteur \u00bb, a expliqu\u00e9 Pr Mariatou Kon\u00e9 \u00e0 la presse.<\/p>\n<p>\u00a0L\u2019Etat de C\u00f4te d\u2019Ivoire, a-t-elle poursuivi, d\u00e9j\u00e0 le 08 avril 2021, a \u00ab pay\u00e9 une partie et aujourd\u2019hui, nous avons pris l\u2019engagement de payer les 30,9 milliards FCFA qui restaient \u00bb.\u00a0<\/p>\n<p>\u00ab Nous avons donn\u00e9 les instructions \u00e0 monsieur le directeur des affaires financi\u00e8res afin que cet argent soit int\u00e9gralement pay\u00e9 d\u00e8s aujourd\u2019hui selon bien s\u00fbr les proc\u00e9dures des engagements et des mandats \u00bb, a ajout\u00e9 la ministre de l\u2019\u00e9ducation nationale et de l\u2019alphab\u00e9tisation.<\/p>\n<p>\u00ab Je consid\u00e8re qu\u2019\u00e0 partir de ce soir les compteurs sont \u00e0 z\u00e9ro pour le minist\u00e8re de l\u2019\u00e9ducation nationale et de l\u2019alphab\u00e9tisation. Nous avons travaill\u00e9 dans la qui\u00e9tude, main dans la main dans un cadre permanent de dialogue direct avec \u00a0nos partenaires pour sauver l\u2019\u00e9cole ivoirienne \u00bb s\u2019est-elle f\u00e9licit\u00e9e, exhortant que \u00ab nous devrons faire en sorte que la qualit\u00e9 soit de mise \u00bb.<\/p>\n<p>Dans le m\u00eame \u00e9lan, le porte-parole de la Conf\u00e9rence des pr\u00e9sidents des associations de fondateurs d\u2019\u00e9tablissements scolaires priv\u00e9s la\u00efcs et confessionnels de C\u00f4te d\u2019Ivoire (CPAFESP), le P\u00e8re Jean Luc N\u2019dr\u00e8man Assoi a salu\u00e9 cette \u00abbonne nouvelle\u00bb.<\/p>\n<p>\u00ab A ce jour, selon notre comptabilit\u00e9, l\u2019Etat nous devait environ 31 milliards FCFA, mais on ne savait pas si cette somme allait \u00eatre pay\u00e9e ou pas. La bonne nouvelle que nous saisissons ce soir au sortir de cette rencontre est que madame la ministre sur place a demand\u00e9 au financier pour que cette somme soit pay\u00e9e \u00e0 partir de ce soir \u00bb, a-t-il rapport\u00e9.<\/p>\n<p>Soulignant que \u00ab c\u2019est une nouvelle que nous ne pouvons pas garder seul \u00bb, le P\u00e8re Jean Luc N\u2019dr\u00e8man Assoi a remerci\u00e9 \u00ab tous ceux qui ont travaill\u00e9 pour qu\u2019on aboutisse \u00e0 ce r\u00e9sultat \u00bb.<\/p>\n<p>Les fondateurs avaient annonc\u00e9 fin mars dernier de d\u00e9brayer \u00e0 partir du 14 avril 2021 pour r\u00e9clamer notamment le paiement int\u00e9gral des restes \u00e0 payer des sommes inscrites sur le budget 2020 et sur les d\u00e9cisions financi\u00e8res de l\u2019ann\u00e9e scolaire 2019-2020 pour un montant total de plus de 50 milliards FCFA. En attendant la r\u00e9union de ce lundi 19 avril 2021, ils ont suspendu le mardi dernier ce mot d\u2019ordre qui vient d\u2019\u00eatre d\u00e9finitivement lev\u00e9. \u00a0<\/p>\n<p>A propos d\u2019une d\u00e9cision du minist\u00e8re de l\u2019\u00e9ducation nationale et de l\u2019alphab\u00e9tisation qui imposerait aux \u00e9l\u00e8ves-ma\u00eetres des \u00a0Centres d\u2019animation et de formation p\u00e9dagogiques (CAFOP) de payer des ordinateurs \u00e0 co\u00fbt tr\u00e8s \u00e9lev\u00e9s, Pr Mariatou Kon\u00e9 a r\u00e9v\u00e9l\u00e9 qu\u2019elle n\u2019est nullement inform\u00e9e de cette d\u00e9cision.<\/p>\n<p>\u00ab Je voudrais dire que je ne suis nullement inform\u00e9e. Je voudrais surtout rassurer tous les partenaires, les \u00e9l\u00e8ves qui sont dans les CAFOP pour dire que chaque \u00e9l\u00e8ve peut acheter son ordinateur l\u00e0 o\u00f9 il veut \u00bb, a ajout\u00e9 Mme Kon\u00e9.<\/p>\n<p>\u00ab Ca veut dire que cette d\u00e9cision que j\u2019ai lue comme vous (sur les r\u00e9seaux sociaux), si elle existe est une d\u00e9cision qui est nulle et non avenue. Une enqu\u00eate est en cours, s\u2019il y a des responsabilit\u00e9s, les responsables seront sanctionn\u00e9s \u00bb, a conclu la ministre de l\u2019\u00e9ducation nationale et de l\u2019alphab\u00e9tisation.<\/p>\n<\/div>\n<p>Auteur: APA News<br \/>\n<a href=\"https:\/\/www.journalducameroun.com\/mariatou-kone-annonce-309-milliards-fcfa-pour-les-fondateurs-des-ecoles-privees-ivoiriennes\/\">Cliquez ici pour lire l&rsquo;article depuis sa source.<\/a><\/p>\n","protected":false},"excerpt":{"rendered":"<p>Publi\u00e9 le 19.04.2021 \u00e0 20h18 par APA News La nouvelle ministre de l\u2019\u00e9ducation nationale et de l\u2019alphab\u00e9tisation, Pr Mariatou Kon\u00e9 a annonc\u00e9, lundi soir, le d\u00e9blocage de 30,9 milliards FCFA pour les fondateurs des \u00e9coles priv\u00e9es ivoiriennes qui mena\u00e7aient de d\u00e9brayer en fermant les \u00e9tablissements scolaires priv\u00e9s la\u00efcs et confessionnels.\u00a0 La ministre a fait cette [&hellip;]<\/p>\n","protected":false},"author":1965,"featured_media":0,"comment_status":"closed","ping_status":"closed","sticky":false,"template":"","format":"standard","meta":{"fifu_image_url":"","fifu_image_alt":"","footnotes":""},"categories":[73,82],"tags":[],"class_list":["post-115221","post","type-post","status-publish","format-standard","hentry","category-actualite","category-cameroun"],"_links":{"self":[{"href":"https:\/\/linitiative.ca\/International\/wp-json\/wp\/v2\/posts\/115221","targetHints":{"allow":["GET"]}}],"collection":[{"href":"https:\/\/linitiative.ca\/International\/wp-json\/wp\/v2\/posts"}],"about":[{"href":"https:\/\/linitiative.ca\/International\/wp-json\/wp\/v2\/types\/post"}],"author":[{"embeddable":true,"href":"https:\/\/linitiative.ca\/International\/wp-json\/wp\/v2\/users\/1965"}],"replies":[{"embeddable":true,"href":"https:\/\/linitiative.ca\/International\/wp-json\/wp\/v2\/comments?post=115221"}],"version-history":[{"count":0,"href":"https:\/\/linitiative.ca\/International\/wp-json\/wp\/v2\/posts\/115221\/revisions"}],"wp:attachment":[{"href":"https:\/\/linitiative.ca\/International\/wp-json\/wp\/v2\/media?parent=115221"}],"wp:term":[{"taxonomy":"category","embeddable":true,"href":"https:\/\/linitiative.ca\/International\/wp-json\/wp\/v2\/categories?post=115221"},{"taxonomy":"post_tag","embeddable":true,"href":"https:\/\/linitiative.ca\/International\/wp-json\/wp\/v2\/tags?post=115221"}],"curies":[{"name":"wp","href":"https:\/\/api.w.org\/{rel}","templated":true}]}}