{"id":115222,"date":"2021-04-19T15:18:02","date_gmt":"2021-04-19T19:18:02","guid":{"rendered":"https:\/\/linitiative.ca\/International\/maroc-aid-huit-millions-de-tetes-identifiees-en-2021\/"},"modified":"2021-04-19T15:18:02","modified_gmt":"2021-04-19T19:18:02","slug":"maroc-aid-huit-millions-de-tetes-identifiees-en-2021","status":"publish","type":"post","link":"https:\/\/linitiative.ca\/International\/maroc-aid-huit-millions-de-tetes-identifiees-en-2021\/","title":{"rendered":"Maroc\/Aid: Huit millions de t\u00eates identifi\u00e9es en 2021"},"content":{"rendered":"<div readability=\"32\">\n<p>Publi\u00e9 le 19.04.2021 \u00e0 20h18 par APA News<\/p>\n<\/div>\n<div readability=\"59\">\n<p>Huit millions de t\u00eates de cheptel seront identifi\u00e9es cette ann\u00e9e dans le cadre des pr\u00e9paratifs pour la f\u00eate du sacrifice (Aid Al Adha), pr\u00e9vu en juillet prochain, a annonc\u00e9 le ministre de l\u2019Agriculture, Aziz Akhannouch.Le ministre, qui s\u2019exprimait lundi devant le parlement, a annonc\u00e9 le lancement de l\u2019op\u00e9ration d\u2019identification du cheptel, en pr\u00e9vision de Aid Al Adha.<\/p>\n<p>Au total, 8 millions de t\u00eates seront identifi\u00e9s avant l\u2019Aid, a-t-il pr\u00e9cis\u00e9, soulignant la mise en place de 30 march\u00e9s provisoires pour la vente du b\u00e9tail et le d\u00e9marrage de l\u2019enregistrement des unit\u00e9s d\u2019engraissement.<\/p>\n<p>Il est \u00e0 signaler que la situation sanitaire du cheptel national est satisfaisante. Le suivi et la surveillance sanitaires sont assur\u00e9s sur l\u2019ensemble du territoire national par les services v\u00e9t\u00e9rinaires de l\u2019ONSSA en \u00e9troite collaboration avec les v\u00e9t\u00e9rinaires priv\u00e9s.<\/p>\n<p>Chaque ann\u00e9e, l\u2019ONSSA recommande aux consommateurs de n\u2019acheter que les animaux commercialis\u00e9s au niveau des points de vente connus et boucl\u00e9s et d\u2019acheter des animaux qui sont mobiles, actifs, r\u00e9actifs et pas nonchalants.<\/p>\n<\/div>\n<p>Auteur: APA News<br \/>\n<a href=\"https:\/\/www.journalducameroun.com\/maroc-aid-huit-millions-de-tetes-identifiees-en-2021\/\">Cliquez ici pour lire l&rsquo;article depuis sa source.<\/a><\/p>\n","protected":false},"excerpt":{"rendered":"<p>Publi\u00e9 le 19.04.2021 \u00e0 20h18 par APA News Huit millions de t\u00eates de cheptel seront identifi\u00e9es cette ann\u00e9e dans le cadre des pr\u00e9paratifs pour la f\u00eate du sacrifice (Aid Al Adha), pr\u00e9vu en juillet prochain, a annonc\u00e9 le ministre de l\u2019Agriculture, Aziz Akhannouch.Le ministre, qui s\u2019exprimait lundi devant le parlement, a annonc\u00e9 le lancement de [&hellip;]<\/p>\n","protected":false},"author":1965,"featured_media":0,"comment_status":"closed","ping_status":"closed","sticky":false,"template":"","format":"standard","meta":{"fifu_image_url":"","fifu_image_alt":"","footnotes":""},"categories":[73,82],"tags":[],"class_list":["post-115222","post","type-post","status-publish","format-standard","hentry","category-actualite","category-cameroun"],"_links":{"self":[{"href":"https:\/\/linitiative.ca\/International\/wp-json\/wp\/v2\/posts\/115222","targetHints":{"allow":["GET"]}}],"collection":[{"href":"https:\/\/linitiative.ca\/International\/wp-json\/wp\/v2\/posts"}],"about":[{"href":"https:\/\/linitiative.ca\/International\/wp-json\/wp\/v2\/types\/post"}],"author":[{"embeddable":true,"href":"https:\/\/linitiative.ca\/International\/wp-json\/wp\/v2\/users\/1965"}],"replies":[{"embeddable":true,"href":"https:\/\/linitiative.ca\/International\/wp-json\/wp\/v2\/comments?post=115222"}],"version-history":[{"count":0,"href":"https:\/\/linitiative.ca\/International\/wp-json\/wp\/v2\/posts\/115222\/revisions"}],"wp:attachment":[{"href":"https:\/\/linitiative.ca\/International\/wp-json\/wp\/v2\/media?parent=115222"}],"wp:term":[{"taxonomy":"category","embeddable":true,"href":"https:\/\/linitiative.ca\/International\/wp-json\/wp\/v2\/categories?post=115222"},{"taxonomy":"post_tag","embeddable":true,"href":"https:\/\/linitiative.ca\/International\/wp-json\/wp\/v2\/tags?post=115222"}],"curies":[{"name":"wp","href":"https:\/\/api.w.org\/{rel}","templated":true}]}}