{"id":115223,"date":"2021-04-19T15:18:03","date_gmt":"2021-04-19T19:18:03","guid":{"rendered":"https:\/\/linitiative.ca\/International\/maroc-165-candidats-a-la-migration-clandestine-secourus-par-la-marine-royale\/"},"modified":"2021-04-19T15:18:03","modified_gmt":"2021-04-19T19:18:03","slug":"maroc-165-candidats-a-la-migration-clandestine-secourus-par-la-marine-royale","status":"publish","type":"post","link":"https:\/\/linitiative.ca\/International\/maroc-165-candidats-a-la-migration-clandestine-secourus-par-la-marine-royale\/","title":{"rendered":"Maroc : 165 candidats \u00e0 la migration clandestine secourus par la Marine Royale"},"content":{"rendered":"<div readability=\"32\">\n<p>Publi\u00e9 le 19.04.2021 \u00e0 20h18 par APA News<\/p>\n<\/div>\n<div readability=\"52\">\n<p>Un total de 165 candidats \u00e0 la migration clandestine ont \u00e9t\u00e9 secourus, ce week-end, par des unit\u00e9s de la Marine royale op\u00e9rant en M\u00e9diterran\u00e9e et en Atlantique, selon une source militaire.Les personnes secourues, 103 subsahariens, 34 Marocains, 27 Bangladais et un Birman, \u00e9taient en difficult\u00e9 \u00e0 bord de diff\u00e9rentes embarcations de fortune, pr\u00e9cise-t-on de m\u00eame source.<\/p>\n<p>Elles ont re\u00e7u les premiers soins \u00e0 bord des unit\u00e9s de la Marine royale, avant d\u2019\u00eatre ramen\u00e9es saines et sauves aux ports les plus proches du Royaume et remises \u00e0 la gendarmerie royale pour les proc\u00e9dures d\u2019usage.<\/p>\n<p>Ces derniers temps, de nombreux candidats \u00e0 la migration clandestine sont secourus par les \u00e9l\u00e9ments de la Marine marocaine.<\/p>\n<\/div>\n<p>Auteur: APA News<br \/>\n<a href=\"https:\/\/www.journalducameroun.com\/maroc-165-candidats-a-la-migration-clandestine-secourus-par-la-marine-royale\/\">Cliquez ici pour lire l&rsquo;article depuis sa source.<\/a><\/p>\n","protected":false},"excerpt":{"rendered":"<p>Publi\u00e9 le 19.04.2021 \u00e0 20h18 par APA News Un total de 165 candidats \u00e0 la migration clandestine ont \u00e9t\u00e9 secourus, ce week-end, par des unit\u00e9s de la Marine royale op\u00e9rant en M\u00e9diterran\u00e9e et en Atlantique, selon une source militaire.Les personnes secourues, 103 subsahariens, 34 Marocains, 27 Bangladais et un Birman, \u00e9taient en difficult\u00e9 \u00e0 bord [&hellip;]<\/p>\n","protected":false},"author":1965,"featured_media":0,"comment_status":"closed","ping_status":"closed","sticky":false,"template":"","format":"standard","meta":{"fifu_image_url":"","fifu_image_alt":"","footnotes":""},"categories":[73,82],"tags":[],"class_list":["post-115223","post","type-post","status-publish","format-standard","hentry","category-actualite","category-cameroun"],"_links":{"self":[{"href":"https:\/\/linitiative.ca\/International\/wp-json\/wp\/v2\/posts\/115223","targetHints":{"allow":["GET"]}}],"collection":[{"href":"https:\/\/linitiative.ca\/International\/wp-json\/wp\/v2\/posts"}],"about":[{"href":"https:\/\/linitiative.ca\/International\/wp-json\/wp\/v2\/types\/post"}],"author":[{"embeddable":true,"href":"https:\/\/linitiative.ca\/International\/wp-json\/wp\/v2\/users\/1965"}],"replies":[{"embeddable":true,"href":"https:\/\/linitiative.ca\/International\/wp-json\/wp\/v2\/comments?post=115223"}],"version-history":[{"count":0,"href":"https:\/\/linitiative.ca\/International\/wp-json\/wp\/v2\/posts\/115223\/revisions"}],"wp:attachment":[{"href":"https:\/\/linitiative.ca\/International\/wp-json\/wp\/v2\/media?parent=115223"}],"wp:term":[{"taxonomy":"category","embeddable":true,"href":"https:\/\/linitiative.ca\/International\/wp-json\/wp\/v2\/categories?post=115223"},{"taxonomy":"post_tag","embeddable":true,"href":"https:\/\/linitiative.ca\/International\/wp-json\/wp\/v2\/tags?post=115223"}],"curies":[{"name":"wp","href":"https:\/\/api.w.org\/{rel}","templated":true}]}}