{"id":115227,"date":"2021-04-19T12:38:32","date_gmt":"2021-04-19T16:38:32","guid":{"rendered":"https:\/\/linitiative.ca\/International\/les-travaux-de-construction-du-marche-mokolo-2-a-lest-affichent-un-taux-de-realisation-de-45\/"},"modified":"2021-04-19T12:38:32","modified_gmt":"2021-04-19T16:38:32","slug":"les-travaux-de-construction-du-marche-mokolo-2-a-lest-affichent-un-taux-de-realisation-de-45","status":"publish","type":"post","link":"https:\/\/linitiative.ca\/International\/les-travaux-de-construction-du-marche-mokolo-2-a-lest-affichent-un-taux-de-realisation-de-45\/","title":{"rendered":"Les travaux de construction du march\u00e9 Mokolo 2 \u00e0 l\u2019Est affichent un taux de r\u00e9alisation de 45%"},"content":{"rendered":"<p>Bient\u00f4t \u00e7a sera la fin du calvaire pour les populations du quartier Mokolo 2 \u00e0 Bertoua dans le chef-lieu de la r\u00e9gion de l\u2019Est. Les commer\u00e7ants et les consommateurs de cette localit\u00e9 sont habitu\u00e9s depuis des lustres, \u00e0 acheter les denr\u00e9es alimentaires et d\u2019autres produits de consommation \u00e0 m\u00eame le sol sur la voie publique faute d\u2019un march\u00e9 appropri\u00e9. A date, les travaux de construction d\u2019un march\u00e9 moderne dans cette localit\u00e9, lanc\u00e9s le 18 janvier dernier par Celestine Ketcha Court\u00e8s, ministre de l\u2019Habitat et du d\u00e9veloppement urbain (Mindhu) et Christophe Guilhou, Ambassadeur de France au Cameroun, connaissent un taux d\u2019avancement de 45% selon Jean de Dieu Ngomseu, chef de mission de contr\u00f4le Engineers and Disigners.<\/p>\n<p><strong>Lire aussi<\/strong> : <strong><a href=\"https:\/\/ecomatin.net\/la-covid-19-cause-un-deficit-de-72-milliards-sur-le-3e-c2d-au-cameroun\/\">La Covid-19 cause un d\u00e9ficit de 72 milliards sur le 3e C2D au Cameroun<\/a><\/strong><\/p>\n<p>Le taux de consommation des d\u00e9lais de livraison quant \u00e0 lui est de 38%. Le chef de mission de contr\u00f4le rassure en outre que le chantier sera livr\u00e9 le 18 octobre 2021. C\u2019\u00e9tait au cours d\u2019une visite de chantier effectu\u00e9e par le maire de la ville de Bertoua, Jean Marie Dimb\u00e9l\u00e9 accompagn\u00e9 par Dogoua Paul Alain, coordonnateur de la cellule locale de suivi des projets C2D dans la ville de Bertoua, le 14 avril 2021. Le march\u00e9 moderne de Moklolo 2 est constitu\u00e9 de 18 blocs de 195 boutiques, 04 hangars, des latrines, un forage, une cl\u00f4ture et une bouche d\u2019incendie. Sur le chantier, les ouvriers s\u2019activent \u00e0 lever les murs des diff\u00e9rents b\u00e2timents. Apr\u00e8s le march\u00e9 moderne de Mokolo 2, la caravane du maire de la ville a pris la destination du chantier de construction d\u2019une salle des f\u00eates, un restaurant municipal, des aires de jeu (terrain de hand ball, volley ball et lawn tenis) situ\u00e9 en face le Palais de justice de la ville. Ici et selon Tayo Verges, le chef de mission de contr\u00f4le, New Africa, le taux d\u2019avancement des travaux est de 47%. En suite la visite s\u2019est poursuivie au jardin public de Rotary, en face le palais pr\u00e9sidentiel de Bertoua, au march\u00e9 central de Bertoua o\u00f9 des cand\u00e9labres solaires sont en train d\u2019\u00eatre install\u00e9s et enfin au jardin public du quartier Enia.<\/p>\n<p><strong>Lire aussi<\/strong> : <strong><a href=\"https:\/\/ecomatin.net\/developpement-local-le-c2d-premier-bailleur-de-fonds-du-pndp\/\">D\u00e9veloppement local : le C2D premier bailleur de fonds du Pndp<\/a><\/strong><\/p>\n<p>Tous ces projets visit\u00e9s font partir du programme C2D urbain \u00ab capitales r\u00e9gionales \u00bb dont b\u00e9n\u00e9ficient \u00e9galement les villes de Bafoussam dans la r\u00e9gion de l\u2019Ouest et Garoua dans le Nord. Pour un financement global d\u2019un montant de 90 milliards provenant d\u2019un pr\u00eat souverain de l\u2019Agence fran\u00e7aise de d\u00e9veloppement \u00e0 hauteur de 42 milliards et des fonds du Contrat d\u00e9sendettement-d\u00e9veloppement (C2D) issus de la dette bilat\u00e9ral \u00e0 hauteur de 39 milliards.<\/p>\n<p><strong>Martin Foula<\/strong><\/p>\n<p>Auteur: EcoMatin<br \/>\n<a href=\"https:\/\/ecomatin.net\/les-travaux-de-construction-du-marche-mokolo-2-a-lest-affichent-45-de-taux-de-realisation\/\">Cliquez ici pour lire l&rsquo;article depuis sa source.<\/a><\/p>\n","protected":false},"excerpt":{"rendered":"<p>Bient\u00f4t \u00e7a sera la fin du calvaire pour les populations du quartier Mokolo 2 \u00e0 Bertoua dans le chef-lieu de la r\u00e9gion de l\u2019Est. Les commer\u00e7ants et les consommateurs de cette localit\u00e9 sont habitu\u00e9s depuis des lustres, \u00e0 acheter les denr\u00e9es alimentaires et d\u2019autres produits de consommation \u00e0 m\u00eame le sol sur la voie publique [&hellip;]<\/p>\n","protected":false},"author":1969,"featured_media":0,"comment_status":"closed","ping_status":"closed","sticky":false,"template":"","format":"standard","meta":{"fifu_image_url":"","fifu_image_alt":"","footnotes":""},"categories":[82,78],"tags":[],"class_list":["post-115227","post","type-post","status-publish","format-standard","hentry","category-cameroun","category-economie"],"_links":{"self":[{"href":"https:\/\/linitiative.ca\/International\/wp-json\/wp\/v2\/posts\/115227","targetHints":{"allow":["GET"]}}],"collection":[{"href":"https:\/\/linitiative.ca\/International\/wp-json\/wp\/v2\/posts"}],"about":[{"href":"https:\/\/linitiative.ca\/International\/wp-json\/wp\/v2\/types\/post"}],"author":[{"embeddable":true,"href":"https:\/\/linitiative.ca\/International\/wp-json\/wp\/v2\/users\/1969"}],"replies":[{"embeddable":true,"href":"https:\/\/linitiative.ca\/International\/wp-json\/wp\/v2\/comments?post=115227"}],"version-history":[{"count":0,"href":"https:\/\/linitiative.ca\/International\/wp-json\/wp\/v2\/posts\/115227\/revisions"}],"wp:attachment":[{"href":"https:\/\/linitiative.ca\/International\/wp-json\/wp\/v2\/media?parent=115227"}],"wp:term":[{"taxonomy":"category","embeddable":true,"href":"https:\/\/linitiative.ca\/International\/wp-json\/wp\/v2\/categories?post=115227"},{"taxonomy":"post_tag","embeddable":true,"href":"https:\/\/linitiative.ca\/International\/wp-json\/wp\/v2\/tags?post=115227"}],"curies":[{"name":"wp","href":"https:\/\/api.w.org\/{rel}","templated":true}]}}