{"id":115229,"date":"2021-04-19T13:30:34","date_gmt":"2021-04-19T17:30:34","guid":{"rendered":"https:\/\/linitiative.ca\/International\/cimencam-et-afriland-first-bank-mettent-sur-pied-la-plateforme-de-paiement-my-cimencam\/"},"modified":"2021-04-19T13:30:34","modified_gmt":"2021-04-19T17:30:34","slug":"cimencam-et-afriland-first-bank-mettent-sur-pied-la-plateforme-de-paiement-my-cimencam","status":"publish","type":"post","link":"https:\/\/linitiative.ca\/International\/cimencam-et-afriland-first-bank-mettent-sur-pied-la-plateforme-de-paiement-my-cimencam\/","title":{"rendered":"Cimencam et Afriland first Bank mettent sur pied la plateforme de paiement \u00ab My Cimencam \u00bb"},"content":{"rendered":"<p>Les clients de l\u2019entreprise Cimenteries du Cameroun (Cimencam) devront d\u00e9sormais s\u2019habituer \u00e0 ce nouvel outil technologique: \u00abMy Cimencam\u00bb. Une application de vente en ligne des produits Cimencam. La mise en place de cette plateforme de partenariat a fait l\u2019objet de la signature d\u2019une convention entre Cimencam, et Afriland First bank, leader des \u00e9tablissements de cr\u00e9dit au Cameroun. Les op\u00e9rations commerciales s\u2019effectuent via des virements bancaires ou mobiles money. Beno\u00eet Galichet, le Directeur g\u00e9n\u00e9ral de Cimencam pr\u00e9cise le r\u00f4le de ce portail fonctionnel depuis 2009: \u00abMy Cimencam permet particuli\u00e8rement de proc\u00e9der \u00e0 l\u2019enregistrement et le suivi quotidien des commandes clients dans le monde, planifier les enl\u00e8vements, assurer le suivi des commandes et livraisons en temps r\u00e9el, g\u00e9rer la gestion des r\u00e9clamations des clients, obtenir la balance \u00e2g\u00e9e, le solde ou l\u2019extrait d\u2019un compte, assurer le reporting en temps r\u00e9el sur l\u2019ensemble des op\u00e9rations clients\u00bb.<\/p>\n<p><strong>Lire aussi<\/strong> : <strong><a href=\"https:\/\/ecomatin.net\/afriland-first-bank-envisage-une-augmentation-de-son-capital\/\">Afriland First Bank envisage une augmentation de son capital<\/a><\/strong><\/p>\n<p>Le choix port\u00e9 sur Afriland First Bank pour ce partenariat n\u2019est pas fortuit. Une enqu\u00eate effectu\u00e9e aupr\u00e8s des clients Cimencam a en effet d\u00e9bouch\u00e9 sur une pr\u00e9f\u00e9rence quasi-g\u00e9n\u00e9rale pour cet \u00e9tablissement de cr\u00e9dit. \u00abLa mise en service du paiement en ligne par virement bancaire Afriland First Bank rejoint le chantier de transformation digitale de la First Bank dont l\u2019objectif est de rendre le client autonome gr\u00e2ce \u00e0 un acc\u00e8s rapide et s\u00e9curis\u00e9 aux services bancaires pour le d\u00e9nouement instantan\u00e9 de ses multiples op\u00e9rations\u00bb, a indiqu\u00e9 Dieudonn\u00e9 Herv\u00e9 Ayissi, Directeur du Retail Banking, du leasing et de l\u2019affacturage, repr\u00e9sentant d\u2019Alphonse Nafack, l\u2019Administrateur Directeur G\u00e9n\u00e9ral d\u2019Afriland First Bank.<\/p>\n<p><strong>Lire aussi<\/strong> : <strong><a href=\"https:\/\/ecomatin.net\/covid-19-cimencam-fait-un-don-de-100-millions-au-minsante\/\">Covid-19 : Cimencam fait un don de 100 millions au Minsant\u00e9<\/a><\/strong><\/p>\n<p>Con\u00e7ue pendant 2 ans, l\u2019application \u00abMy Cimencam\u00bb renferme 900 clients (distributeurs, Btp, Binastore, Revendeurs, particuliers etc\u2026.). Depuis sa cr\u00e9ation en 2019, ce logiciel a enregistr\u00e9 environ 19.000 commandes, soit 67% du chiffre d\u2019affaires de Cimencam en mars 2021. Afriland First Bank et Cimencam rassurent sur la fiabilit\u00e9 et la s\u00e9curit\u00e9 de l\u2019application: \u00abnous avons mis en place un syst\u00e8me absolument s\u00e9curis\u00e9. Cette solution a \u00e9t\u00e9 d\u00e9velopp\u00e9e pendant deux ans et l\u2019une des principales raison de ce long d\u00e9lai est le souci de nous rassurer de la s\u00e9curit\u00e9 de l\u2019utilisation de cette solution qui pr\u00e9sente un avantage comp\u00e9titif\u00bb, a ajout\u00e9 Dieudonn\u00e9 Herv\u00e9 Ayissi. Cimencam vise 100% de digitalisation des commandes clients en ligne d\u2019ici fin 2021.<\/p>\n<p><strong>Lire aussi<\/strong> : <strong><a href=\"https:\/\/ecomatin.net\/paul-biya-reconduit-benoit-galichet-a-la-tete-de-cimencam\/\">Paul Biya reconduit Benoit Galichet \u00e0 la t\u00eate de Cimencam<\/a><\/strong><\/p>\n<p>Auteur: Georges Semey<br \/>\n<a href=\"https:\/\/ecomatin.net\/cimencam-et-afriland-first-bank-mettent-sur-pied-la-plateformee-de-paiement-my-cimencam\/\">Cliquez ici pour lire l&rsquo;article depuis sa source.<\/a><\/p>\n","protected":false},"excerpt":{"rendered":"<p>Les clients de l\u2019entreprise Cimenteries du Cameroun (Cimencam) devront d\u00e9sormais s\u2019habituer \u00e0 ce nouvel outil technologique: \u00abMy Cimencam\u00bb. Une application de vente en ligne des produits Cimencam. La mise en place de cette plateforme de partenariat a fait l\u2019objet de la signature d\u2019une convention entre Cimencam, et Afriland First bank, leader des \u00e9tablissements de cr\u00e9dit [&hellip;]<\/p>\n","protected":false},"author":1969,"featured_media":0,"comment_status":"closed","ping_status":"closed","sticky":false,"template":"","format":"standard","meta":{"fifu_image_url":"","fifu_image_alt":"","footnotes":""},"categories":[82,78],"tags":[],"class_list":["post-115229","post","type-post","status-publish","format-standard","hentry","category-cameroun","category-economie"],"_links":{"self":[{"href":"https:\/\/linitiative.ca\/International\/wp-json\/wp\/v2\/posts\/115229","targetHints":{"allow":["GET"]}}],"collection":[{"href":"https:\/\/linitiative.ca\/International\/wp-json\/wp\/v2\/posts"}],"about":[{"href":"https:\/\/linitiative.ca\/International\/wp-json\/wp\/v2\/types\/post"}],"author":[{"embeddable":true,"href":"https:\/\/linitiative.ca\/International\/wp-json\/wp\/v2\/users\/1969"}],"replies":[{"embeddable":true,"href":"https:\/\/linitiative.ca\/International\/wp-json\/wp\/v2\/comments?post=115229"}],"version-history":[{"count":0,"href":"https:\/\/linitiative.ca\/International\/wp-json\/wp\/v2\/posts\/115229\/revisions"}],"wp:attachment":[{"href":"https:\/\/linitiative.ca\/International\/wp-json\/wp\/v2\/media?parent=115229"}],"wp:term":[{"taxonomy":"category","embeddable":true,"href":"https:\/\/linitiative.ca\/International\/wp-json\/wp\/v2\/categories?post=115229"},{"taxonomy":"post_tag","embeddable":true,"href":"https:\/\/linitiative.ca\/International\/wp-json\/wp\/v2\/tags?post=115229"}],"curies":[{"name":"wp","href":"https:\/\/api.w.org\/{rel}","templated":true}]}}