{"id":115230,"date":"2021-04-20T09:02:26","date_gmt":"2021-04-20T13:02:26","guid":{"rendered":"https:\/\/linitiative.ca\/International\/les-nuits-du-ramadan-2021-celebrent-les-racines-africaines\/"},"modified":"2021-04-20T09:02:26","modified_gmt":"2021-04-20T13:02:26","slug":"les-nuits-du-ramadan-2021-celebrent-les-racines-africaines","status":"publish","type":"post","link":"https:\/\/linitiative.ca\/International\/les-nuits-du-ramadan-2021-celebrent-les-racines-africaines\/","title":{"rendered":"Les Nuits du Ramadan 2021 c\u00e9l\u00e8brent les \u00abracines  africaines\u00bb"},"content":{"rendered":"<header>\n<div class=\"entry-post-meta\">\n<div class=\"author-link\">Publi\u00e9 par <a itemprop=\"author\" itemscope=\"itemscope\" itemtype=\"https:\/\/schema.org\/Person\" href=\"https:\/\/aujourdhui.ma\/author\/blio\" rel=\"author\"><span itemprop=\"name\">ALM<\/span><\/a><\/div>\n<p>Date\u00a0:<time content=\"2021-04-20T13:02:26+00:00\" class=\"entry-date updated\" datetime=\"2021-04-20T13:02:26+00:00\">avril 20, 2021<\/time><\/p>\n<div class=\"entry-cat\">dans:<a href=\"https:\/\/aujourdhui.ma\/category\/culture\" rel=\"category tag\">Culture<\/a><\/div>\n<p>1Vues<\/p>\n<\/div>\n<\/header>\n<div class=\"entry-content clearfix\" readability=\"62\">\n<figure class=\"post-thumbnail\" itemprop=\"associatedMedia\" itemscope=\"itemscope\" itemtype=\"http:\/\/schema.org\/ImageObject\"><img decoding=\"async\" class=\"post_layout_5_img\" src=\"http:\/\/aujourdhui.ma\/wp-content\/uploads\/2021\/04\/Les-Nuits-du-Ramadan-2021-celebrent-les-racines-africaines.jpg\" alt=\"Les Nuits du Ramadan 2021 c\u00e9l\u00e8brent les \u00abracines africaines\u00bb\"\/><\/figure>\n<p><span class=\"c7\"><strong>Les Nuits du Ramadan de retour cette ann\u00e9e.<\/strong><\/span><span id=\"more-374323\"\/><\/p>\n<p>Organis\u00e9e dans le cadre de la saison culturelle de l\u2019Institut fran\u00e7ais du Maroc depuis 2012, cette manifestation est organis\u00e9e sur Facebook du 15 avril au 13 mai 2021. Durant 5 semaines, les Nuits du Ramadan offrent, selon les organisateurs, une programmation \u00e9clectique aux sonorit\u00e9s soul, blues amazigh malienne, africaine et marocaine. Les concerts sont diffus\u00e9s en ligne sur les pages Facebook des 12 Instituts fran\u00e7ais au Maroc (Casablanca, El Jadida, Essaouira, F\u00e8s, K\u00e9nitra, Marrakech, Mekn\u00e8s, Oujda, Rabat, Agadir, Tanger et T\u00e9touan), tous les jeudis \u00e0 22h depuis le 15 avril. Mettant \u00e0 l\u2019honneur les racines africaines, le Festival invitera le public \u00e0 d\u00e9couvrir des artistes du continent africain, de renomm\u00e9e internationale et nationale, et de jeunes artistes \u00e9mergents du Royaume.<\/p>\n<p>Depuis 3 ans, les Nuits du Ramadan font partie du label Zone Franche (le r\u00e9seau des musiques du monde) car elles visent \u00e0 promouvoir la diversit\u00e9 dans la \u00abworld music\u00bb en respectant la charte de l\u2019organisation dont l\u2019Institut fran\u00e7ais du Maroc est membre.<\/p>\n<\/div>\n<p>Auteur: ALM<br \/>\n<a href=\"https:\/\/aujourdhui.ma\/culture\/les-nuits-du-ramadan-2021-celebrent-les-racines-africaines\">Cliquez ici pour lire l&rsquo;article depuis sa source.<\/a><\/p>\n","protected":false},"excerpt":{"rendered":"<p>Publi\u00e9 par ALM Date\u00a0:avril 20, 2021 dans:Culture 1Vues Les Nuits du Ramadan de retour cette ann\u00e9e. Organis\u00e9e dans le cadre de la saison culturelle de l\u2019Institut fran\u00e7ais du Maroc depuis 2012, cette manifestation est organis\u00e9e sur Facebook du 15 avril au 13 mai 2021. Durant 5 semaines, les Nuits du Ramadan offrent, selon les organisateurs, [&hellip;]<\/p>\n","protected":false},"author":1759,"featured_media":0,"comment_status":"closed","ping_status":"closed","sticky":false,"template":"","format":"standard","meta":{"fifu_image_url":"http:\/\/aujourdhui.ma\/wp-content\/uploads\/2021\/04\/Les-Nuits-du-Ramadan-2021-celebrent-les-racines-africaines.jpg","fifu_image_alt":"Les Nuits du Ramadan 2021 c\u00e9l\u00e8brent les \u00abracines  africaines\u00bb","footnotes":""},"categories":[73,54],"tags":[],"class_list":["post-115230","post","type-post","status-publish","format-standard","hentry","category-actualite","category-maroc"],"_links":{"self":[{"href":"https:\/\/linitiative.ca\/International\/wp-json\/wp\/v2\/posts\/115230","targetHints":{"allow":["GET"]}}],"collection":[{"href":"https:\/\/linitiative.ca\/International\/wp-json\/wp\/v2\/posts"}],"about":[{"href":"https:\/\/linitiative.ca\/International\/wp-json\/wp\/v2\/types\/post"}],"author":[{"embeddable":true,"href":"https:\/\/linitiative.ca\/International\/wp-json\/wp\/v2\/users\/1759"}],"replies":[{"embeddable":true,"href":"https:\/\/linitiative.ca\/International\/wp-json\/wp\/v2\/comments?post=115230"}],"version-history":[{"count":0,"href":"https:\/\/linitiative.ca\/International\/wp-json\/wp\/v2\/posts\/115230\/revisions"}],"wp:attachment":[{"href":"https:\/\/linitiative.ca\/International\/wp-json\/wp\/v2\/media?parent=115230"}],"wp:term":[{"taxonomy":"category","embeddable":true,"href":"https:\/\/linitiative.ca\/International\/wp-json\/wp\/v2\/categories?post=115230"},{"taxonomy":"post_tag","embeddable":true,"href":"https:\/\/linitiative.ca\/International\/wp-json\/wp\/v2\/tags?post=115230"}],"curies":[{"name":"wp","href":"https:\/\/api.w.org\/{rel}","templated":true}]}}