{"id":115233,"date":"2021-04-20T11:00:19","date_gmt":"2021-04-20T15:00:19","guid":{"rendered":"https:\/\/linitiative.ca\/International\/bac-college-primaire-voici-le-calendrier-des-examens-pour-lannee-scolaire-2020-2021\/"},"modified":"2021-04-20T11:00:19","modified_gmt":"2021-04-20T15:00:19","slug":"bac-college-primaire-voici-le-calendrier-des-examens-pour-lannee-scolaire-2020-2021","status":"publish","type":"post","link":"https:\/\/linitiative.ca\/International\/bac-college-primaire-voici-le-calendrier-des-examens-pour-lannee-scolaire-2020-2021\/","title":{"rendered":"Bac, coll\u00e8ge, primaire : Voici le calendrier des examens pour l\u2019ann\u00e9e scolaire 2020-2021"},"content":{"rendered":"<figure class=\"post-thumbnail\" itemprop=\"associatedMedia\" itemscope=\"itemscope\" itemtype=\"http:\/\/schema.org\/ImageObject\"><img decoding=\"async\" class=\"post_layout_5_img\" src=\"http:\/\/aujourdhui.ma\/wp-content\/uploads\/2021\/04\/examens.jpg\" alt=\"Bac, coll\u00e8ge, primaire : Voici le calendrier des examens pour l\u2019ann\u00e9e scolaire 2020-2021\"\/><\/figure>\n<p><span class=\"c7\"><strong>Le minist\u00e8re de l\u2019\u00e9ducation nationale, de la formation professionnelle, de l\u2019enseignement sup\u00e9rieur et de la recherche scientifique vient de d\u00e9voiler les dates des examens du baccalaur\u00e9at, du coll\u00e8ge et du primaire.<\/strong><\/span> <span id=\"more-374303\"\/><\/p>\n<p>Ainsi, les \u00e9preuves de l\u2019examen national unifi\u00e9 du baccalaur\u00e9at 2020-2021 (2\u00e8me ann\u00e9e) se d\u00e9rouleront du 8 au 12 juin. Par fili\u00e8re, les candidats aux baccalaur\u00e9ats sciences, techniques et professionnel passeront leurs examens du 8 au 10 juin alors que les \u00e9tudiants des baccalaur\u00e9ats lettres et enseignement originel auront lieu les 11 et 12 juin. L\u2019examen r\u00e9gional unifi\u00e9 (1\u00e8re ann\u00e9e Bac sciences, technique et professionnel) se d\u00e9roulera du 31 mai au 1 juin tandis que l\u2019\u00e9preuve r\u00e9gionale unifi\u00e9e pour les candidats du Bac en 1\u00e8re ann\u00e9e lettres et enseignement originel se passera les 3 et 4 juin. Concernant le baccalaur\u00e9at libre, les examens sont programm\u00e9s les 27 et 28 mai. Pour le niveau coll\u00e8ge, les \u00e9preuves r\u00e9gionaux (3\u00e8me ann\u00e9e) auront lieu les 18 et 19 juin. S\u2019agissant du primaire, les \u00e9l\u00e8ves du 6\u00e8me devront passer leur examen provincial le 22 juin.<\/p>\n<p>Dans son communiqu\u00e9 le d\u00e9partement de l\u2019\u00e9ducation nationale pr\u00e9cise par ailleurs que ces dates pourraient subir des changements en fonction de l\u2019\u00e9volution de la situation \u00e9pid\u00e9miologique du pays. De m\u00eame, le d\u00e9roulement de ces \u00e9preuves sera conform\u00e9ment aux mesures prises par les autorit\u00e9s durant les semaines et les mois prochains.<br \/>D\u2019autre part, il a \u00e9t\u00e9 d\u00e9cid\u00e9 d\u2019adopter des cadres r\u00e9f\u00e9rentiels actualis\u00e9s dans la d\u00e9termination des sujets d\u2019examens, \u00e0 la lumi\u00e8re des taux d\u2019ex\u00e9cution diff\u00e9renci\u00e9s des programmes dans les diff\u00e9rents cycles, tel que cela a \u00e9t\u00e9 \u00e9tabli par l\u2019inspection g\u00e9n\u00e9rale des affaires \u00e9ducatives, dont l\u2019\u00e9valuation du premier semestre a notamment fait ressortir un faible taux d\u2019avancement dans la r\u00e9alisation des programmes.<\/p>\n<p>Cette mesure participe du souci de garantir l\u2019\u00e9galit\u00e9 des chances pour tous les candidats et a \u00e9t\u00e9 prise par consid\u00e9ration aux disparit\u00e9s constat\u00e9es concernant la cadence d\u2019ex\u00e9cution des programmes, eu \u00e9gard aux divergences des modes d\u2019enseignement suivis dans les circonstances de la pand\u00e9mie du nouveau Coronavirus (pr\u00e9sentiel, distanciel et mixte).<br \/>Les nouveaux cadres r\u00e9f\u00e9rentiels seront publi\u00e9s au cours de la premi\u00e8re semaine du mois de mai et seront consultables sur le site du minist\u00e8re www.men.gov.ma et \u00e0 travers tous les diff\u00e9rents supports utilis\u00e9s \u00e0 cet effet.<\/p>\n<p>Les \u00e9tudes se poursuivront jusqu\u2019\u00e0 la fin de la saison avec l\u2019objectif de parachever les programmes et permettre aux \u00e9l\u00e8ves l\u2019acquisition des enseignements n\u00e9cessaires \u00e0 la poursuite de leur parcours dans les meilleures conditions, au m\u00eame titre qu\u2019il sera proc\u00e9d\u00e9 \u00e0 l\u2019organisation de s\u00e9ances de soutien intensives au profit des candidats.<\/p>\n<p>Auteur: ALM<br \/>\n<a href=\"https:\/\/aujourdhui.ma\/societe\/bac-college-primaire-voici-le-calendrier-des-examens-pour-lannee-scolaire-2020-2021\">Cliquez ici pour lire l&rsquo;article depuis sa source.<\/a><\/p>\n","protected":false},"excerpt":{"rendered":"<p>Le minist\u00e8re de l\u2019\u00e9ducation nationale, de la formation professionnelle, de l\u2019enseignement sup\u00e9rieur et de la recherche scientifique vient de d\u00e9voiler les dates des examens du baccalaur\u00e9at, du coll\u00e8ge et du primaire. Ainsi, les \u00e9preuves de l\u2019examen national unifi\u00e9 du baccalaur\u00e9at 2020-2021 (2\u00e8me ann\u00e9e) se d\u00e9rouleront du 8 au 12 juin. Par fili\u00e8re, les candidats aux [&hellip;]<\/p>\n","protected":false},"author":1759,"featured_media":0,"comment_status":"closed","ping_status":"closed","sticky":false,"template":"","format":"standard","meta":{"fifu_image_url":"http:\/\/aujourdhui.ma\/wp-content\/uploads\/2021\/04\/examens.jpg","fifu_image_alt":"Bac, coll\u00e8ge, primaire : Voici le calendrier des examens pour l\u2019ann\u00e9e scolaire 2020-2021","footnotes":""},"categories":[73,54],"tags":[],"class_list":["post-115233","post","type-post","status-publish","format-standard","hentry","category-actualite","category-maroc"],"_links":{"self":[{"href":"https:\/\/linitiative.ca\/International\/wp-json\/wp\/v2\/posts\/115233","targetHints":{"allow":["GET"]}}],"collection":[{"href":"https:\/\/linitiative.ca\/International\/wp-json\/wp\/v2\/posts"}],"about":[{"href":"https:\/\/linitiative.ca\/International\/wp-json\/wp\/v2\/types\/post"}],"author":[{"embeddable":true,"href":"https:\/\/linitiative.ca\/International\/wp-json\/wp\/v2\/users\/1759"}],"replies":[{"embeddable":true,"href":"https:\/\/linitiative.ca\/International\/wp-json\/wp\/v2\/comments?post=115233"}],"version-history":[{"count":0,"href":"https:\/\/linitiative.ca\/International\/wp-json\/wp\/v2\/posts\/115233\/revisions"}],"wp:attachment":[{"href":"https:\/\/linitiative.ca\/International\/wp-json\/wp\/v2\/media?parent=115233"}],"wp:term":[{"taxonomy":"category","embeddable":true,"href":"https:\/\/linitiative.ca\/International\/wp-json\/wp\/v2\/categories?post=115233"},{"taxonomy":"post_tag","embeddable":true,"href":"https:\/\/linitiative.ca\/International\/wp-json\/wp\/v2\/tags?post=115233"}],"curies":[{"name":"wp","href":"https:\/\/api.w.org\/{rel}","templated":true}]}}