{"id":115234,"date":"2021-04-20T11:30:28","date_gmt":"2021-04-20T15:30:28","guid":{"rendered":"https:\/\/linitiative.ca\/International\/province-de-sidi-bennour-inauguration-de-linternat-du-college-oualidia\/"},"modified":"2021-04-20T11:30:28","modified_gmt":"2021-04-20T15:30:28","slug":"province-de-sidi-bennour-inauguration-de-linternat-du-college-oualidia","status":"publish","type":"post","link":"https:\/\/linitiative.ca\/International\/province-de-sidi-bennour-inauguration-de-linternat-du-college-oualidia\/","title":{"rendered":"Province de Sidi Bennour : Inauguration de l\u2019internat  du coll\u00e8ge Oualidia"},"content":{"rendered":"<figure class=\"post-thumbnail\" itemprop=\"associatedMedia\" itemscope=\"itemscope\" itemtype=\"http:\/\/schema.org\/ImageObject\"><img decoding=\"async\" class=\"post_layout_5_img\" src=\"http:\/\/aujourdhui.ma\/wp-content\/uploads\/2021\/04\/Province-de-Sidi-Bennour-Inauguration-de-linternat-du-college-Oualidia.jpg\" alt=\"Province de Sidi Bennour : Inauguration de l\u2019internat du coll\u00e8ge Oualidia\"\/><\/figure>\n<p><span class=\"c7\"><strong>Fruit d\u2019un partenariat entre l\u2019Education nationale, Procter &amp; Gamble et Rotary Casa-Nord<\/strong><\/span><span id=\"more-374310\"\/><\/p>\n<p>L\u2019internat du coll\u00e8ge Oualidia (province de Sidi Bennour), r\u00e9cemment r\u00e9nov\u00e9, a \u00e9t\u00e9 inaugur\u00e9 lundi 12 avril dans le cadre d\u2019une convention-cadre entre le minist\u00e8re de l\u2019\u00e9ducation nationale, de la formation professionnelle, de l\u2019enseignement sup\u00e9rieur et de la recherche scientifique, la soci\u00e9t\u00e9 Procter &amp; Gamble et le club Rotary Casa-Nord, en pr\u00e9sence notamment du gouverneur de la pr\u00e9fecture de Sidi Bennour, El Hassan Boukouta.<br \/>Le nombre des b\u00e9n\u00e9ficiaires de l\u2019internat de ce coll\u00e8ge, construit en 1993, s\u2019\u00e9l\u00e8ve \u00e0 140 \u00e9l\u00e8ves dont 68 habitent loin de l\u2019\u00e9tablissement qui accueille un total de 1134 \u00e9l\u00e8ves.<br \/>A cette occasion, le directeur de la coop\u00e9ration et de la promotion de l\u2019enseignement scolaire priv\u00e9 au minist\u00e8re, Aziz Nahia, a indiqu\u00e9 que cette initiative s\u2019inscrit dans le cadre des orientations du minist\u00e8re visant l\u2019am\u00e9lioration de la vie scolaire notamment via le renforcement des services offerts au sein de l\u2019internat pour faire face \u00e0 la d\u00e9perdition scolaire.<\/p>\n<p>La r\u00e9habilitation de ce site, explique M. Nahia, s\u2019inscrit dans le cadre d\u2019une convention de partenariat qui lie le minist\u00e8re et la soci\u00e9t\u00e9 Procter &amp; Gamble dans le cadre de la promotion de l\u2019\u00e9ducation \u00e0 la sant\u00e9 reproductive.<br \/>Pour sa part, le directeur r\u00e9gional de l\u2019\u00e9ducation et de la formation Casablanca-Settat, Abdelmoumen Taleb, a fait savoir que la r\u00e9novation de cet internat a permis d\u2019apporter un air nouveau \u00e0 ce site qui contribuera \u00e0 encourager les \u00e9l\u00e8ves pour qu\u2019ils d\u00e9ploient plus d\u2019efforts durant leur scolarit\u00e9.<\/p>\n<p>Le directeur commercial de Procter &amp; Gamble, Marwane Tahiri, s\u2019est dit, pour sa part, fier du partenariat qui lie cette entreprise au minist\u00e8re portant sur la sant\u00e9 reproductive et qui a profit\u00e9 \u00e0 plus de 4 millions de filles, rappelant que la soci\u00e9t\u00e9 a mis en place des actions communes avec le club Rotary Casa-Nord pour am\u00e9liorer les conditions d\u2019apprentissage des filles b\u00e9n\u00e9ficiaires.<br \/>De son c\u00f4t\u00e9, le pr\u00e9sident du club Rotary Casa-Nord Youness Sayeh a pass\u00e9 en revue les \u00e9tapes des travaux de r\u00e9novation de ce site qui ont d\u00e9marr\u00e9 le 22 f\u00e9vrier dernier.<\/p>\n<p>Il a ainsi indiqu\u00e9 que ces travaux ont concern\u00e9 tous les espaces notamment la salle d\u2019h\u00e9bergement, la cuisine et l\u2019aire de repos. L\u2019op\u00e9ration de r\u00e9novation de l\u2019internat a permis de renforcer la capacit\u00e9 d\u2019accueil pour atteindre 200 b\u00e9n\u00e9ficiaires outre la r\u00e9novation de la cuisine et la mise en place d\u2019une salle multim\u00e9dia.<\/p>\n<p>Auteur: ALM<br \/>\n<a href=\"https:\/\/aujourdhui.ma\/societe\/province-de-sidi-bennour-inauguration-de-linternat-du-college-oualidia\">Cliquez ici pour lire l&rsquo;article depuis sa source.<\/a><\/p>\n","protected":false},"excerpt":{"rendered":"<p>Fruit d\u2019un partenariat entre l\u2019Education nationale, Procter &amp; Gamble et Rotary Casa-Nord L\u2019internat du coll\u00e8ge Oualidia (province de Sidi Bennour), r\u00e9cemment r\u00e9nov\u00e9, a \u00e9t\u00e9 inaugur\u00e9 lundi 12 avril dans le cadre d\u2019une convention-cadre entre le minist\u00e8re de l\u2019\u00e9ducation nationale, de la formation professionnelle, de l\u2019enseignement sup\u00e9rieur et de la recherche scientifique, la soci\u00e9t\u00e9 Procter &amp; [&hellip;]<\/p>\n","protected":false},"author":1759,"featured_media":0,"comment_status":"closed","ping_status":"closed","sticky":false,"template":"","format":"standard","meta":{"fifu_image_url":"http:\/\/aujourdhui.ma\/wp-content\/uploads\/2021\/04\/Province-de-Sidi-Bennour-Inauguration-de-linternat-du-college-Oualidia.jpg","fifu_image_alt":"Province de Sidi Bennour : Inauguration de l\u2019internat  du coll\u00e8ge Oualidia","footnotes":""},"categories":[73,54],"tags":[],"class_list":["post-115234","post","type-post","status-publish","format-standard","hentry","category-actualite","category-maroc"],"_links":{"self":[{"href":"https:\/\/linitiative.ca\/International\/wp-json\/wp\/v2\/posts\/115234","targetHints":{"allow":["GET"]}}],"collection":[{"href":"https:\/\/linitiative.ca\/International\/wp-json\/wp\/v2\/posts"}],"about":[{"href":"https:\/\/linitiative.ca\/International\/wp-json\/wp\/v2\/types\/post"}],"author":[{"embeddable":true,"href":"https:\/\/linitiative.ca\/International\/wp-json\/wp\/v2\/users\/1759"}],"replies":[{"embeddable":true,"href":"https:\/\/linitiative.ca\/International\/wp-json\/wp\/v2\/comments?post=115234"}],"version-history":[{"count":0,"href":"https:\/\/linitiative.ca\/International\/wp-json\/wp\/v2\/posts\/115234\/revisions"}],"wp:attachment":[{"href":"https:\/\/linitiative.ca\/International\/wp-json\/wp\/v2\/media?parent=115234"}],"wp:term":[{"taxonomy":"category","embeddable":true,"href":"https:\/\/linitiative.ca\/International\/wp-json\/wp\/v2\/categories?post=115234"},{"taxonomy":"post_tag","embeddable":true,"href":"https:\/\/linitiative.ca\/International\/wp-json\/wp\/v2\/tags?post=115234"}],"curies":[{"name":"wp","href":"https:\/\/api.w.org\/{rel}","templated":true}]}}