{"id":115241,"date":"2021-04-20T04:36:19","date_gmt":"2021-04-20T08:36:19","guid":{"rendered":"https:\/\/linitiative.ca\/International\/arp-refus-de-toute-proposition-de-cession-de-la-bft\/"},"modified":"2021-04-20T04:36:19","modified_gmt":"2021-04-20T08:36:19","slug":"arp-refus-de-toute-proposition-de-cession-de-la-bft","status":"publish","type":"post","link":"https:\/\/linitiative.ca\/International\/arp-refus-de-toute-proposition-de-cession-de-la-bft\/","title":{"rendered":"ARP : refus de toute proposition de cession de la BFT"},"content":{"rendered":"<div class=\"td-post-content\">\n<h2>La s\u00e9ance d\u2019audition du ministre des Domaines de l\u2019Etat et des Affaires fonci\u00e8res par int\u00e9rim, Ahmed Adhoum, s\u2019est tenue lundi \u00e0 l\u2019ARP \u00e0 huis clos, sur le dossier de la Banque franco-tunisienne (BFT).<\/h2>\n<p>L\u2019affaire de la BFT est soumise \u00e0 la justice, selon le pr\u00e9sident de la Commission parlementaire de la R\u00e9forme administrative, de la bonne gouvernance et de la lutte contre la corruption, Badreddine Gammoudi.<\/p>\n<p>Gammoudi a fait savoir que la commission a pris connaissance, de l\u2019\u00e9volution de l\u2019affaire port\u00e9e devant la justice. Elle concerne \u00ab\u00a0la falsification du rapport final de l\u2019Instance v\u00e9rit\u00e9 et dignit\u00e9 (IVD) notamment les passages relatifs \u00e0 l\u2019affaire de la BFT.<\/p>\n<p>Il a rappel\u00e9, dans ce cadre que le chef du contentieux de l\u2019Etat a port\u00e9 plainte le 02 f\u00e9vrier 2021, pour falsification du rapport final de l\u2019IVD. Il a affirm\u00e9 qu\u2019il y a non-conformit\u00e9 entre la version publi\u00e9e au JORT et celle remise au pr\u00e9sident de la R\u00e9publique, particuli\u00e8rement les passages relatifs au dossier de la BFT.<\/p>\n<h2>300 MD de dettes<\/h2>\n<p>La Commission parlementaire de la R\u00e9forme administrative, de la bonne gouvernance et de la lutte contre la corruption a auditionn\u00e9 \u00e9galement des cadres du minist\u00e8re des Finances. Elle a relev\u00e9 la lenteur caract\u00e9risant le recouvrement des dettes de la banque, lesquelles sont estim\u00e9es \u00e0 environ 300 millions de dinars (MD), selon son pr\u00e9sident.<\/p>\n<p>\u00ab\u00a0Jusqu\u2019\u00e0 pr\u00e9sent, le montant r\u00e9cup\u00e9r\u00e9 n\u2019a pas d\u00e9pass\u00e9 les 50 MD\u00a0\u00bb, a-t-il not\u00e9. Et d\u2019ajouter que la BFT dispose de dus, dont le montant n\u2019est pas connu. \u00ab\u00a0Nous avons demand\u00e9 \u00e0 la\u00a0<a href=\"https:\/\/www.bct.gov.tn\/\" target=\"_blank\" rel=\"noopener noreferrer\">Banque Centrale de Tunisie (BCT)<\/a>\u00a0de nous pr\u00e9senter une liste d\u00e9taill\u00e9e de l\u2019ensemble des dettes non rembours\u00e9es et dues \u00e0 la banque. Nous comptons d\u00e9voiler les causes de cette lenteur de recouvrement\u00a0\u00bb, a dit le d\u00e9put\u00e9.<\/p>\n<p>Il a, par ailleurs, r\u00e9it\u00e9r\u00e9 le refus de la Commission de toute proposition de cession de la BFT. Il a affirm\u00e9 qu\u2019une telle mesure risque de porter pr\u00e9judice \u00e0 l\u2019image de la Tunisie et aux finances publiques. Et d\u2019ajouter que cette mesure ne manquera pas de compliquer davantage l\u2019affaire judiciaire en cours. \u00ab\u00a0A cela s\u2019ajoute la gestion des centaines de comptes bancaires domicili\u00e9s aupr\u00e8s de cette banque. Ainsi que la situation sociale de dizaines, soit 70 cadres bancaires exer\u00e7ant au sein de cet \u00e9tablissement financier\u00a0\u00bb.<\/p>\n<h2>Le dossier sera de nouveau examin\u00e9 \u00e0 l\u2019ARP<\/h2>\n<p>Gammoudi a rappel\u00e9 que la Commission parlementaire qu\u2019il pr\u00e9side est pr\u00eate \u00e0 mettre, gratuitement, \u00e0 la disposition du d\u00e9partement des Domaines de l\u2019Etat, l\u2019expertise des d\u00e9put\u00e9s sp\u00e9cialis\u00e9s dans le domaine de finances, en vue de trouver une solution.<\/p>\n<p>Il y a lieu de noter que l\u2019accusation de falsification du rapport de l\u2019IVD et des passages relatifs \u00e0 l\u2019affaire de cette banque dans ce rapport avait \u00e9t\u00e9 totalement, rejet\u00e9e par l\u2019ancienne pr\u00e9sidente de cette instance v\u00e9rit\u00e9 et dignit\u00e9 (IVD),\u00a0<a href=\"http:\/\/www.leconomistemaghrebin.com\/2021\/01\/11\/sihem-ben-sedrine-repond-accusations-contre-ivd\/\" target=\"_blank\" rel=\"noopener noreferrer\">Sihem Ben Sedrine<\/a>.<\/p>\n<p>Elle avait estim\u00e9 dans une interview accord\u00e9e \u00e0 l\u2019Agence TAP, que la cabale autour de ce \u00abFaux \u00bb rapport, vise \u00e0 annihiler l\u2019examen de l\u2019affaire de la BFT, devant les juridictions p\u00e9nales sp\u00e9cialis\u00e9es et la comparution \u00e0 la derni\u00e8re audience du 08 f\u00e9vrier 2021, des personnes influentes dans le paysage politique et impliqu\u00e9es dans le plus grand scandale de corruption devant ce Tribunal p\u00e9nal.<\/p>\n<p>Par ailleurs, le dossier de la BFT sera examin\u00e9, de nouveau, le 03 mai prochain, lors d\u2019une s\u00e9ance \u00e0 l\u2019ARP. Cette s\u00e9ance sera consacr\u00e9e \u00e0 l\u2019examen de la situation des banques publiques.<\/p>\n<p>Avec TAP<\/p>\n<\/div>\n<footer>\n<\/footer>\n<div class=\"wp-post-author-wrap wp-post-author-shortcode left\">\n<h3 class=\"awpa-title\"\/>\n<div class=\"wp-post-author\">\n<div class=\"awpa-img awpa-author-block square\"><a href=\"http:\/\/lexpertjournal.net\/fr\/?author=5\"><img loading=\"lazy\" decoding=\"async\" alt=\"\" src=\"http:\/\/0.gravatar.com\/avatar\/97f8e10a1c1125ba104a76514ee07b16?s=150&amp;d=mm&amp;r=g\" srcset=\"http:\/\/0.gravatar.com\/avatar\/97f8e10a1c1125ba104a76514ee07b16?s=300&amp;d=mm&amp;r=g 2x\" class=\"avatar avatar-150 photo\" height=\"150\" width=\"150\"\/><\/a><\/div>\n<\/div>\n<\/div>\n<aside class=\"mashsb-container mashsb-main mashsb-stretched\">\n<\/aside>\n<p>Auteur: L&rsquo;expert<br \/>\n<a href=\"http:\/\/lexpertjournal.net\/fr\/?p=19724\">Cliquez ici pour lire l&rsquo;article depuis sa source.<\/a><\/p>\n","protected":false},"excerpt":{"rendered":"<p>La s\u00e9ance d\u2019audition du ministre des Domaines de l\u2019Etat et des Affaires fonci\u00e8res par int\u00e9rim, Ahmed Adhoum, s\u2019est tenue lundi \u00e0 l\u2019ARP \u00e0 huis clos, sur le dossier de la Banque franco-tunisienne (BFT). L\u2019affaire de la BFT est soumise \u00e0 la justice, selon le pr\u00e9sident de la Commission parlementaire de la R\u00e9forme administrative, de la [&hellip;]<\/p>\n","protected":false},"author":1775,"featured_media":0,"comment_status":"closed","ping_status":"closed","sticky":false,"template":"","format":"standard","meta":{"fifu_image_url":"http:\/\/0.gravatar.com\/avatar\/97f8e10a1c1125ba104a76514ee07b16?s=150&d=mm&r=g","fifu_image_alt":"ARP : refus de toute proposition de cession de la BFT","footnotes":""},"categories":[78,55],"tags":[],"class_list":["post-115241","post","type-post","status-publish","format-standard","hentry","category-economie","category-tunisie"],"_links":{"self":[{"href":"https:\/\/linitiative.ca\/International\/wp-json\/wp\/v2\/posts\/115241","targetHints":{"allow":["GET"]}}],"collection":[{"href":"https:\/\/linitiative.ca\/International\/wp-json\/wp\/v2\/posts"}],"about":[{"href":"https:\/\/linitiative.ca\/International\/wp-json\/wp\/v2\/types\/post"}],"author":[{"embeddable":true,"href":"https:\/\/linitiative.ca\/International\/wp-json\/wp\/v2\/users\/1775"}],"replies":[{"embeddable":true,"href":"https:\/\/linitiative.ca\/International\/wp-json\/wp\/v2\/comments?post=115241"}],"version-history":[{"count":0,"href":"https:\/\/linitiative.ca\/International\/wp-json\/wp\/v2\/posts\/115241\/revisions"}],"wp:attachment":[{"href":"https:\/\/linitiative.ca\/International\/wp-json\/wp\/v2\/media?parent=115241"}],"wp:term":[{"taxonomy":"category","embeddable":true,"href":"https:\/\/linitiative.ca\/International\/wp-json\/wp\/v2\/categories?post=115241"},{"taxonomy":"post_tag","embeddable":true,"href":"https:\/\/linitiative.ca\/International\/wp-json\/wp\/v2\/tags?post=115241"}],"curies":[{"name":"wp","href":"https:\/\/api.w.org\/{rel}","templated":true}]}}