{"id":115242,"date":"2021-04-20T04:41:40","date_gmt":"2021-04-20T08:41:40","guid":{"rendered":"https:\/\/linitiative.ca\/International\/nizar-yaiche-la-solution-est-politique-avant-detre-technique\/"},"modified":"2021-04-20T04:41:40","modified_gmt":"2021-04-20T08:41:40","slug":"nizar-yaiche-la-solution-est-politique-avant-detre-technique","status":"publish","type":"post","link":"https:\/\/linitiative.ca\/International\/nizar-yaiche-la-solution-est-politique-avant-detre-technique\/","title":{"rendered":"Nizar Yaiche : \u00ab la solution est politique avant d\u2019\u00eatre technique \u00bb"},"content":{"rendered":"<h2>L\u2019ancien ministre des Finances Nizar Yaiche \u00e9tait aujourd\u2019hui l\u2019invit\u00e9 de \u00ab\u00a0<a href=\"https:\/\/www.facebook.com\/law.and.business.school\" target=\"_blank\" rel=\"noopener noreferrer\">Law and Business School\u00a0\u00bb\u00a0<\/a>relevant du \u00ab\u00a0Polytech Intl Group\u00a0\u00bb. Et ce, afin d\u2019animer une\u00a0<a href=\"https:\/\/www.leconomistemaghrebin.com\/2021\/04\/19\/en-direct-conference-sur-le-partenariat-public-prive-pour-la-relance-de-leconomie-tunisienne-assuree-par-nizar-yaiche\/\" target=\"_blank\" rel=\"noopener noreferrer\">conf\u00e9rence<\/a>\u00a0sur le \u00ab\u00a0Partenariat Public-Priv\u00e9 pour la relance de l\u2019\u00e9conomie tunisienne\u00a0\u00bb. L\u2019ancien ministre des Finances a ainsi pr\u00e9sent\u00e9 sa vision pour une relance de l\u2019\u00e9conomie tunisienne.<\/h2>\n<p>Nizar Yaiche a donn\u00e9 un aper\u00e7u g\u00e9n\u00e9ral du contexte \u00e9conomique actuel marqu\u00e9 par une situation socio-\u00e9conomique tr\u00e8s difficile accompagn\u00e9e par une crise sanitaire.<\/p>\n<p>\u00ab\u00a0C\u2019est une phase tr\u00e8s d\u00e9licate dans l\u2019histoire de la Tunisie. Le pays fait face \u00e0 une crise budg\u00e9taire. Aujourd\u2019hui, il faut que le d\u00e9bat politique se focalise davantage sur les solutions. Car le contexte actuel n\u00e9cessite plus qu\u2019un programme de sauvetage. Il faut, \u00e0 mon avis, un pacte national de sauvetage, de r\u00e9forme et de relance. Il faut se r\u00e9unir en focalisant le d\u00e9bat sur des mesures concr\u00e8tes. Parce que la solution est politique avant d\u2019\u00eatre technique\u00a0\u00bb, affirme Nizar Yaiche. Tout en pr\u00e9sentant une id\u00e9e de ce que doit \u00eatre un Pacte global de sauvetage de l\u2019\u00e9conomie tunisienne.<\/p>\n<h2>Ouvrir de v\u00e9ritables chantiers<\/h2>\n<p>Nizar Yaiche a tenu \u00e0 souligner la n\u00e9cessit\u00e9 d\u2019ouvrir de v\u00e9ritables chantiers dans le pays pour faire face \u00e0 la situation d\u2019urgence. Tout en menant la r\u00e9flexion sur le repositionnement de la Tunisie dans les 20 ans \u00e0 venir en se basant sur ses atouts. \u00a0\u00ab La Tunisie pourrait \u00eatre une v\u00e9ritable porte de l\u2019Europe vers l\u2019Afrique. Celle-ci a un \u00e9norme potentiel dans plusieurs domaines comme l\u2019\u00e9ducation, la sant\u00e9 et les infrastructures \u00bb, estime Nizar Yaiche.<\/p>\n<p>Et d\u2019ajouter qu\u2019il faut investir dans les jeunes parce que la Tunisie pourrait \u00eatre aussi le centre et la plateforme r\u00e9gionale du d\u00e9veloppement de l\u2019Afrique. Et cela \u00e0 travers la recherche scientifique, l\u2019innovation, l\u2019\u00e9ducation et le savoir.<\/p>\n<p>Evoquant le pacte national de sauvetage, Nizar Yaiche a tenu \u00e0 pr\u00e9ciser que l\u2019id\u00e9e pr\u00e9sent\u00e9e \u00e0 la pr\u00e9sidence de la R\u00e9publique \u00e9tait d\u2019offrir de la mati\u00e8re pour un meilleur d\u00e9bat national. En effet, ce pacte doit concerner: l\u2019int\u00e9gration de l\u2019\u00e9conomie informelle dans le circuit formel; l\u2019\u00e9vasion fiscale; les m\u00e9canismes de liquidit\u00e9 des entreprises tunisiennes; la relance de l\u2019investissement; la mise en place de nouveaux m\u00e9canismes d\u2019encouragement; le PPP; le d\u00e9veloppement de l\u2019export; les TRE; la relance sectorielle; les entreprises publiques; le contr\u00f4le des prix et des circuits de distribution; l\u2019investissement dans les RH; les aspects mon\u00e9taires; l\u2019am\u00e9lioration des recettes de l\u2019Etat; l\u2019endettement ext\u00e9rieur; la hausse de la masse salariale\u2026<\/p>\n<p>Au niveau maghr\u00e9bin, NIzar Yaiche a fait savoir que ce pacte pr\u00e9voit environ 20 propositions pour relancer les relations \u00e9conomiques avec la Libye et l\u2019Alg\u00e9rie. D\u2019autres propositions concernent la relance des march\u00e9s africains et europ\u00e9ens.<\/p>\n<p>\u00ab\u00a0Pour d\u00e9passer la spirale n\u00e9gative, il faut lib\u00e9rer l\u2019\u00e9conomie, atteindre une croissance annuelle du PIB de 4,5 \u00e0 5%. Il faut augmenter l\u2019investissement public sur les cinq prochaines ann\u00e9es et atteindre les 13 milliards de dinars\u00a0\u00bb. C\u2019est encore ce qu\u2019explique l\u2019ancien ministre des Finances.<\/p>\n<h2>PPP : r\u00e9sultat tr\u00e8s d\u00e9cevant !<\/h2>\n<p>Evoquant le volet du partenariat public priv\u00e9, Nizar Yaiche souligne que c\u2019est un excellent outil pour relancer l\u2019investissement et avoir des fruits dans les prochaines ann\u00e9es. Dans ce contexte, il a rappel\u00e9 le r\u00e9gime des concessions, la loi PPP, la loi transversale et les d\u00e9crets pour l\u2019octroi des concessions.<\/p>\n<p>\u00ab Le r\u00e9sultat est tr\u00e8s d\u00e9cevant ! Le probl\u00e8me est comment acc\u00e9l\u00e9rer le processus, changer l\u2019ancien mod\u00e8le. Et mettre en place les m\u00e9canismes n\u00e9cessaires \u00bb, s\u2019interroge Nizar Yaiche.<\/p>\n<p>Pour ce faire, cela n\u00e9cessite, selon Nizar Yaiche, un courage politique. Mais aussi un cadre juridique relatif aux secteurs concern\u00e9s. De m\u00eame qu\u2019une approche \u00e9quitable win-win; tout en donnant plus de pouvoir \u00e0 l\u2019UGPPP.<\/p>\n<p>\u00ab Le PPP est indispensable pour relancer l\u2019investissement et la croissance. Et ce, \u00e0 travers un effort collectif dans un cadre de s\u00e9r\u00e9nit\u00e9 et un autre climat politique \u00bb, conclut l\u2019ancien ministre des Finances.<\/p>\n<p><strong>leconomistemaghrebin<\/strong><\/p>\n<div class=\"wp-post-author-wrap wp-post-author-shortcode left\">\n<h3 class=\"awpa-title\"\/>\n<div class=\"wp-post-author\">\n<div class=\"awpa-img awpa-author-block square\"><a href=\"http:\/\/lexpertjournal.net\/fr\/?author=5\"><img loading=\"lazy\" decoding=\"async\" alt=\"\" src=\"http:\/\/0.gravatar.com\/avatar\/97f8e10a1c1125ba104a76514ee07b16?s=150&amp;d=mm&amp;r=g\" srcset=\"http:\/\/0.gravatar.com\/avatar\/97f8e10a1c1125ba104a76514ee07b16?s=300&amp;d=mm&amp;r=g 2x\" class=\"avatar avatar-150 photo\" height=\"150\" width=\"150\"\/><\/a><\/div>\n<\/div>\n<\/div>\n<aside class=\"mashsb-container mashsb-main mashsb-stretched\">\n<\/aside>\n<p>Auteur: L&rsquo;expert<br \/>\n<a href=\"http:\/\/lexpertjournal.net\/fr\/?p=19727\">Cliquez ici pour lire l&rsquo;article depuis sa source.<\/a><\/p>\n","protected":false},"excerpt":{"rendered":"<p>L\u2019ancien ministre des Finances Nizar Yaiche \u00e9tait aujourd\u2019hui l\u2019invit\u00e9 de \u00ab\u00a0Law and Business School\u00a0\u00bb\u00a0relevant du \u00ab\u00a0Polytech Intl Group\u00a0\u00bb. Et ce, afin d\u2019animer une\u00a0conf\u00e9rence\u00a0sur le \u00ab\u00a0Partenariat Public-Priv\u00e9 pour la relance de l\u2019\u00e9conomie tunisienne\u00a0\u00bb. L\u2019ancien ministre des Finances a ainsi pr\u00e9sent\u00e9 sa vision pour une relance de l\u2019\u00e9conomie tunisienne. Nizar Yaiche a donn\u00e9 un aper\u00e7u g\u00e9n\u00e9ral du [&hellip;]<\/p>\n","protected":false},"author":1775,"featured_media":0,"comment_status":"closed","ping_status":"closed","sticky":false,"template":"","format":"standard","meta":{"fifu_image_url":"http:\/\/0.gravatar.com\/avatar\/97f8e10a1c1125ba104a76514ee07b16?s=150&d=mm&r=g","fifu_image_alt":"Nizar Yaiche : \u00ab la solution est politique avant d\u2019\u00eatre technique \u00bb","footnotes":""},"categories":[78,55],"tags":[],"class_list":["post-115242","post","type-post","status-publish","format-standard","hentry","category-economie","category-tunisie"],"_links":{"self":[{"href":"https:\/\/linitiative.ca\/International\/wp-json\/wp\/v2\/posts\/115242","targetHints":{"allow":["GET"]}}],"collection":[{"href":"https:\/\/linitiative.ca\/International\/wp-json\/wp\/v2\/posts"}],"about":[{"href":"https:\/\/linitiative.ca\/International\/wp-json\/wp\/v2\/types\/post"}],"author":[{"embeddable":true,"href":"https:\/\/linitiative.ca\/International\/wp-json\/wp\/v2\/users\/1775"}],"replies":[{"embeddable":true,"href":"https:\/\/linitiative.ca\/International\/wp-json\/wp\/v2\/comments?post=115242"}],"version-history":[{"count":0,"href":"https:\/\/linitiative.ca\/International\/wp-json\/wp\/v2\/posts\/115242\/revisions"}],"wp:attachment":[{"href":"https:\/\/linitiative.ca\/International\/wp-json\/wp\/v2\/media?parent=115242"}],"wp:term":[{"taxonomy":"category","embeddable":true,"href":"https:\/\/linitiative.ca\/International\/wp-json\/wp\/v2\/categories?post=115242"},{"taxonomy":"post_tag","embeddable":true,"href":"https:\/\/linitiative.ca\/International\/wp-json\/wp\/v2\/tags?post=115242"}],"curies":[{"name":"wp","href":"https:\/\/api.w.org\/{rel}","templated":true}]}}