{"id":115244,"date":"2021-04-20T11:10:00","date_gmt":"2021-04-20T15:10:00","guid":{"rendered":"https:\/\/linitiative.ca\/International\/videole-vibrant-hommage-des-etudiants-aux-victimes-du-printemps-noir\/"},"modified":"2021-04-20T11:10:00","modified_gmt":"2021-04-20T15:10:00","slug":"videole-vibrant-hommage-des-etudiants-aux-victimes-du-printemps-noir","status":"publish","type":"post","link":"https:\/\/linitiative.ca\/International\/videole-vibrant-hommage-des-etudiants-aux-victimes-du-printemps-noir\/","title":{"rendered":"[Vid\u00e9o]Le vibrant hommage des \u00e9tudiants aux victimes du Printemps noir"},"content":{"rendered":"<div id=\"originalText\" readability=\"55\">\n<p class=\"c6\">Les nombreux \u00e9tudiants, qui ont march\u00e9, ce mardi, \u00e0 Alger, ont rendu un vibrant hommage aux victimes du printemps noir, en 2001, entonnant des slogans comme \u00ab\u00a0ulach s\u2019mah ulach\u00a0\u00bb et \u00ab\u00a0pouvoir assassin\u00a0\u00bb.<\/p>\n<p class=\"c6\">La 113e marche du mardi qui co\u00efncide avec le vingti\u00e8me anniversaire des douloureux \u00e9v\u00e8nements du 20 avril 2001, a connu d\u2019autres slogans \u00e0 l\u2019exemple de \u00ab en 2001, vous nous avez divis\u00e9, mais aujourd\u2019hui nous sommes unis\u00bb, en r\u00e9f\u00e9rence \u00e0 l\u2019isolement qu\u2019avait connu la Kabylie apr\u00e8s l\u2019assassinat de 128 citoyens par des gendarmes. \u00a0<\/p>\n<p class=\"c6\">Le nom du jeune lyc\u00e9en Massinissa Guermah, 18 ans, alors mortellement atteint par une rafale d\u2019arme automatique, \u00e9tait visible sur plusieurs pancartes. \u00a0<\/p>\n<p><iframe loading=\"lazy\" allow=\"accelerometer; autoplay; clipboard-write; encrypted-media; gyroscope; picture-in-picture\" allowfullscreen=\"allowfullscreen\" frameborder=\"0\" height=\"315\" src=\"https:\/\/www.youtube.com\/embed\/-fCtr-OwkWc\" title=\"YouTube video player\" width=\"560\">[embedded content]<\/iframe><\/p>\n<p class=\"c7\"><strong>R\u00e9daction Web<\/strong><\/p>\n<\/div>\n<div id=\"text_core\" readability=\"55\">\n<p class=\"c6\">Les nombreux \u00e9tudiants, qui ont march\u00e9, ce mardi, \u00e0 Alger, ont rendu un vibrant hommage aux victimes du printemps noir, en 2001, entonnant des slogans comme \u00ab\u00a0ulach s\u2019mah ulach\u00a0\u00bb et \u00ab\u00a0pouvoir assassin\u00a0\u00bb.<\/p>\n<p class=\"c6\">La 113e marche du mardi qui co\u00efncide avec le vingti\u00e8me anniversaire des douloureux \u00e9v\u00e8nements du 20 avril 2001, a connu d\u2019autres slogans \u00e0 l\u2019exemple de \u00ab en 2001, vous nous avez divis\u00e9, mais aujourd\u2019hui nous sommes unis\u00bb, en r\u00e9f\u00e9rence \u00e0 l\u2019isolement qu\u2019avait connu la Kabylie apr\u00e8s l\u2019assassinat de 128 citoyens par des gendarmes. \u00a0<\/p>\n<p class=\"c6\">Le nom du jeune lyc\u00e9en Massinissa Guermah, 18 ans, alors mortellement atteint par une rafale d\u2019arme automatique, \u00e9tait visible sur plusieurs pancartes. \u00a0<\/p>\n<p><iframe loading=\"lazy\" allow=\"accelerometer; autoplay; clipboard-write; encrypted-media; gyroscope; picture-in-picture\" allowfullscreen=\"allowfullscreen\" frameborder=\"0\" height=\"315\" src=\"https:\/\/www.youtube.com\/embed\/-fCtr-OwkWc\" title=\"YouTube video player\" width=\"560\">[embedded content]<\/iframe><\/p>\n<p class=\"c7\"><strong>R\u00e9daction Web<\/strong><\/p>\n<\/div>\n<p>Auteur:<br \/>\n<a href=\"https:\/\/www.liberte-algerie.com\/actualite\/video-le-vibrant-hommage-des-etudiants-aux-victimes-du-printemps-noir-357539\">Cliquez ici pour lire l&rsquo;article depuis sa source.<\/a><\/p>\n","protected":false},"excerpt":{"rendered":"<p>Les nombreux \u00e9tudiants, qui ont march\u00e9, ce mardi, \u00e0 Alger, ont rendu un vibrant hommage aux victimes du printemps noir, en 2001, entonnant des slogans comme \u00ab\u00a0ulach s\u2019mah ulach\u00a0\u00bb et \u00ab\u00a0pouvoir assassin\u00a0\u00bb. La 113e marche du mardi qui co\u00efncide avec le vingti\u00e8me anniversaire des douloureux \u00e9v\u00e8nements du 20 avril 2001, a connu d\u2019autres slogans \u00e0 [&hellip;]<\/p>\n","protected":false},"author":1742,"featured_media":0,"comment_status":"closed","ping_status":"closed","sticky":false,"template":"","format":"standard","meta":{"fifu_image_url":"","fifu_image_alt":"","footnotes":""},"categories":[73,53],"tags":[],"class_list":["post-115244","post","type-post","status-publish","format-standard","hentry","category-actualite","category-algerie"],"_links":{"self":[{"href":"https:\/\/linitiative.ca\/International\/wp-json\/wp\/v2\/posts\/115244","targetHints":{"allow":["GET"]}}],"collection":[{"href":"https:\/\/linitiative.ca\/International\/wp-json\/wp\/v2\/posts"}],"about":[{"href":"https:\/\/linitiative.ca\/International\/wp-json\/wp\/v2\/types\/post"}],"author":[{"embeddable":true,"href":"https:\/\/linitiative.ca\/International\/wp-json\/wp\/v2\/users\/1742"}],"replies":[{"embeddable":true,"href":"https:\/\/linitiative.ca\/International\/wp-json\/wp\/v2\/comments?post=115244"}],"version-history":[{"count":0,"href":"https:\/\/linitiative.ca\/International\/wp-json\/wp\/v2\/posts\/115244\/revisions"}],"wp:attachment":[{"href":"https:\/\/linitiative.ca\/International\/wp-json\/wp\/v2\/media?parent=115244"}],"wp:term":[{"taxonomy":"category","embeddable":true,"href":"https:\/\/linitiative.ca\/International\/wp-json\/wp\/v2\/categories?post=115244"},{"taxonomy":"post_tag","embeddable":true,"href":"https:\/\/linitiative.ca\/International\/wp-json\/wp\/v2\/tags?post=115244"}],"curies":[{"name":"wp","href":"https:\/\/api.w.org\/{rel}","templated":true}]}}