{"id":115247,"date":"2021-04-19T18:18:33","date_gmt":"2021-04-19T22:18:33","guid":{"rendered":"https:\/\/linitiative.ca\/International\/la-vitesse-de-la-reprise-economique-tributaire-de-la-vaccination-fmi\/"},"modified":"2021-04-19T18:18:33","modified_gmt":"2021-04-19T22:18:33","slug":"la-vitesse-de-la-reprise-economique-tributaire-de-la-vaccination-fmi","status":"publish","type":"post","link":"https:\/\/linitiative.ca\/International\/la-vitesse-de-la-reprise-economique-tributaire-de-la-vaccination-fmi\/","title":{"rendered":"La vitesse de la reprise \u00e9conomique tributaire de la vaccination (FMI)"},"content":{"rendered":"<div readability=\"39\">\n<p>La vitesse de la reprise \u00e9conomique au Maroc est tributaire du bon d\u00e9roulement de l\u2019op\u00e9ration de vaccination contre le nouveau coronavirus (Covid-19), a estim\u00e9, lundi, le Chef de la mission du Fonds mon\u00e9taire international (FMI), charg\u00e9 du Maroc, Roberto Cardarelli.<\/p>\n<\/div>\n<div readability=\"106\">\n<p>\u00ab\u00a0Le Maroc a fait preuve d\u2019agilit\u00e9 en mati\u00e8re d\u2019acquisition et de distribution des vaccins aupr\u00e8s de son population, s\u2019\u00e9rigeant, ainsi, en exemple au niveau mondial en mati\u00e8re de vaccination\u00a0\u00bb, a-t-il indiqu\u00e9 lors d\u2019un webinaire plac\u00e9 sous le th\u00e8me \u00ab\u00a0Pr\u00e9visions \u00e9conomiques mondiales: quelles Perspectives pour le Maroc et la r\u00e9gion MENA ?\u00a0\u00bb.<\/p>\n<p>Il a, en outre, relev\u00e9 que les signes de reprise sont visibles au niveau des exportations qui ont rebondi et dans le secteur industriel, lequel a cr\u00e9\u00e9 environ 80.000 emplois au quatri\u00e8me trimestre de l\u2019ann\u00e9e 2020, ajoutant que le secteur des services, notamment le tourisme, d\u00e9pend largement de l\u2019avancement de la vaccination.<\/p>\n<p>Selon les projections de la FMI, la reprise au Maroc devrait s\u2019amorcer lentement \u00e0 des niveaux similaires de la r\u00e9gion d l\u2019Afrique du Nord et Moyen-Orient (MENA), a soulign\u00e9 M. Cardarelli, expliquant que le poids important du tourisme au Maroc affecte la relance \u00e9conomique.<\/p>\n<p>Il a, \u00e9galement, mis en garde contre la hausse des besoins de financement exprim\u00e9s par le Tr\u00e9sor, ce qui peut impacter la disponibilit\u00e9 des financements pour le secteur priv\u00e9, jugeant que la soutenabilit\u00e9 de la dette n\u2019est pas menac\u00e9e.<\/p>\n<p>Par ailleurs, M. Cardarelli a \u00e9voqu\u00e9 les grandes r\u00e9formes entam\u00e9es par le Maroc, \u00e0 l\u2019instar de la g\u00e9n\u00e9ralisation de la protection sociale, qui au-del\u00e0 de sa port\u00e9e sociale contribue au renforcement du capital humain gr\u00e2ce \u00e0 l\u2019acc\u00e8s \u00e0 des services de Sant\u00e9 de meilleure qualit\u00e9.<\/p>\n<p>Pour sa part, Pelin Berkmen, Chef de division des analyses r\u00e9gionales et de la strat\u00e9gie au FMI, a soulign\u00e9 que les chemins de reprise au niveau des diff\u00e9rents pays de MENA d\u00e9pendent de la vitesse de vaccination et des diff\u00e9rences structurelles. Un acc\u00e8s rapide au vaccin pourrait appuyer une reprise \u00e0 court terme, au m\u00eame titre que le d\u00e9ploiement des politiques d\u2019appui budg\u00e9taire qui pourraient favoriser un retour rapide au croissance au niveau des pays concern\u00e9s.<\/p>\n<p>En revanche, la d\u00e9pendance sur le secteur touristique peut ralentir la reprise, eu \u00e9gard aux restrictions de d\u00e9placement et les mesures de distanciation sociale, a-t-elle soutenu.<\/p>\n<p>Les pays fragiles \u00e0 faible revenu et ceux en proie \u00e0 des conflits qui ont eu une r\u00e9ponse modeste face \u00e0 la pand\u00e9mie vu leur contraintes budg\u00e9taires, continueront \u00e0 faire face \u00e0 plusieurs d\u00e9fis dont le co\u00fbt \u00e9lev\u00e9 de l\u2019op\u00e9ration de la vaccination.<\/p>\n<p>Ainsi, les projections de croissance pour la r\u00e9gion sont variables, dans la mesure o\u00f9 une vaccination rapide peut \u00eatre un catalyseur de relance, alors que la recrudescence des cas doubl\u00e9e des difficult\u00e9s budg\u00e9taires peut avoir un contre-effet.<\/p>\n<p>Organis\u00e9e par le Policy Center for the New South (PCNS) et le FMI, cette rencontre virtuelle a \u00e9t\u00e9 l\u2019occasion pour mettre l\u2019accent sur les conclusions du premier chapitre sur les perspectives de l\u2019\u00e9conomie mondiale, la conjoncture mondiale ainsi que sur les perspectives \u00e9conomiques r\u00e9gionales du dernier rapport du FMI publi\u00e9 en avril 2021.<\/p>\n<\/div>\n<p>Auteur: Meriem IGASS<br \/>\n<a href=\"http:\/\/www.mapmarrakech.ma\/fr\/la-vitesse-de-la-reprise-economique-tributaire-de-la-vaccination-fmi\/\">Cliquez ici pour lire l&rsquo;article depuis sa source.<\/a><\/p>\n","protected":false},"excerpt":{"rendered":"<p>La vitesse de la reprise \u00e9conomique au Maroc est tributaire du bon d\u00e9roulement de l\u2019op\u00e9ration de vaccination contre le nouveau coronavirus (Covid-19), a estim\u00e9, lundi, le Chef de la mission du Fonds mon\u00e9taire international (FMI), charg\u00e9 du Maroc, Roberto Cardarelli. \u00ab\u00a0Le Maroc a fait preuve d\u2019agilit\u00e9 en mati\u00e8re d\u2019acquisition et de distribution des vaccins aupr\u00e8s [&hellip;]<\/p>\n","protected":false},"author":1788,"featured_media":0,"comment_status":"closed","ping_status":"closed","sticky":false,"template":"","format":"standard","meta":{"fifu_image_url":"","fifu_image_alt":"","footnotes":""},"categories":[54,76],"tags":[],"class_list":["post-115247","post","type-post","status-publish","format-standard","hentry","category-maroc","category-regions"],"_links":{"self":[{"href":"https:\/\/linitiative.ca\/International\/wp-json\/wp\/v2\/posts\/115247","targetHints":{"allow":["GET"]}}],"collection":[{"href":"https:\/\/linitiative.ca\/International\/wp-json\/wp\/v2\/posts"}],"about":[{"href":"https:\/\/linitiative.ca\/International\/wp-json\/wp\/v2\/types\/post"}],"author":[{"embeddable":true,"href":"https:\/\/linitiative.ca\/International\/wp-json\/wp\/v2\/users\/1788"}],"replies":[{"embeddable":true,"href":"https:\/\/linitiative.ca\/International\/wp-json\/wp\/v2\/comments?post=115247"}],"version-history":[{"count":0,"href":"https:\/\/linitiative.ca\/International\/wp-json\/wp\/v2\/posts\/115247\/revisions"}],"wp:attachment":[{"href":"https:\/\/linitiative.ca\/International\/wp-json\/wp\/v2\/media?parent=115247"}],"wp:term":[{"taxonomy":"category","embeddable":true,"href":"https:\/\/linitiative.ca\/International\/wp-json\/wp\/v2\/categories?post=115247"},{"taxonomy":"post_tag","embeddable":true,"href":"https:\/\/linitiative.ca\/International\/wp-json\/wp\/v2\/tags?post=115247"}],"curies":[{"name":"wp","href":"https:\/\/api.w.org\/{rel}","templated":true}]}}