{"id":115249,"date":"2021-04-19T19:07:43","date_gmt":"2021-04-19T23:07:43","guid":{"rendered":"https:\/\/linitiative.ca\/International\/baccalaureat-lexamen-national-unifie-entre-les-8-et-12-juin\/"},"modified":"2021-04-19T19:07:43","modified_gmt":"2021-04-19T23:07:43","slug":"baccalaureat-lexamen-national-unifie-entre-les-8-et-12-juin","status":"publish","type":"post","link":"https:\/\/linitiative.ca\/International\/baccalaureat-lexamen-national-unifie-entre-les-8-et-12-juin\/","title":{"rendered":"Baccalaur\u00e9at : L\u2019examen national unifi\u00e9 entre les 8 et 12 juin"},"content":{"rendered":"<div readability=\"41\">\n<p>Les \u00e9preuves de l\u2019examen national unifi\u00e9 du baccalaur\u00e9at 2020-2021 auront lieu du 8 au 12 juin prochain, annonce, lundi, le minist\u00e8re de l\u2019Education nationale, de la formation professionnelle, de l\u2019enseignement sup\u00e9rieur et de la recherche scientifique, ajoutant que l\u2019examen r\u00e9gional unifi\u00e9 (1\u00e8re ann\u00e9e bac) se d\u00e9roulera du 27 mai au 1er juin.<\/p>\n<\/div>\n<div readability=\"85\">\n<p>Les \u00e9preuves des branches scientifiques, techniques et professionnelles de l\u2019examen national sont programm\u00e9es entre le 8 et le 10 juin, tandis que les fili\u00e8res litt\u00e9raires et de l\u2019enseignement originel auront lieu les 11 et 12 du m\u00eame mois, pr\u00e9cise-t-on de m\u00eame source.<\/p>\n<p>S\u2019agissant de l\u2019examen r\u00e9gional, les candidats du p\u00f4le scientifique, technique et professionnel passeront les \u00e9preuves le 31 mai et le 1 juin, tandis que les \u00e9preuves des lettres et de l\u2019enseignement originel se tiendront les 3 et 4 juin, poursuit la m\u00eame source, relevant que l\u2019examen r\u00e9gional pour les candidats libres se tiendra les 27 et 28 mai.<\/p>\n<p>L\u2019examen\u00a0r\u00e9gional normalis\u00e9 du cycle coll\u00e9gial\u00a0est pr\u00e9vu les 18 et 19 juin, tandis que l\u2019examen provincial pour l\u2019obtention du certificat des \u00e9tudes primaires (6\u00e8me ann\u00e9e) sera organis\u00e9 le 22 du m\u00eame mois.<\/p>\n<p>Les dates des \u00e9preuves sont susceptibles d\u2019\u00eatre modifi\u00e9es en fonction du d\u00e9veloppement de la situation \u00e9pid\u00e9miologique dans le pays, pr\u00e9vient le minist\u00e8re, notant que les conditions et dispositions de d\u00e9roulement des \u00e9preuves seront fix\u00e9es par les autorit\u00e9s comp\u00e9tentes \u00ab\u00a0dans les semaines et mois \u00e0 venir\u00a0\u00bb.<\/p>\n<p>D\u2019autre part, il a \u00e9t\u00e9 d\u00e9cid\u00e9 d\u2019adopter des cadres r\u00e9f\u00e9rentiels actualis\u00e9s dans la d\u00e9termination des sujets d\u2019examens, \u00e0 la lumi\u00e8re des taux d\u2019ex\u00e9cution diff\u00e9renci\u00e9s des programmes dans les diff\u00e9rents cycles, tel que cela a \u00e9t\u00e9 \u00e9tabli par\u00a0 l\u2019inspection g\u00e9n\u00e9rale des affaires \u00e9ducatives,\u00a0dont l\u2019\u00e9valuation du premier semestre a notamment fait ressortir un faible taux d\u2019avancement dans la r\u00e9alisation des programmes.<\/p>\n<p>Cette mesure participe du\u00a0souci de garantir l\u2019\u00e9galit\u00e9 des chances pour tous les candidats et a \u00e9t\u00e9 prise par consid\u00e9ration aux disparit\u00e9s constat\u00e9es concernant la cadence d\u2019ex\u00e9cution des programmes, eu \u00e9gard aux divergences des modes d\u2019enseignement suivis dans les circonstances de la pand\u00e9mie du nouveau coronavirus (pr\u00e9sentiel, distanciel et mixte).<\/p>\n<p>Les nouveaux cadres r\u00e9f\u00e9rentiels seront publi\u00e9s au cours de la premi\u00e8re semaine du mois de mai et seront consultables sur le site du minist\u00e8re www.men.gov.ma et \u00e0 travers tous les diff\u00e9rents supports utilis\u00e9s \u00e0 cet effet.<\/p>\n<p>Les \u00e9tudes se poursuivront jusqu\u2019\u00e0 la fin de la saison avec l\u2019objectif de parachever les programmes et permettre aux \u00e9l\u00e8ves l\u2019acquisition des enseignements n\u00e9cessaires \u00e0 la poursuite de leur parcours dans les meilleures conditions, au m\u00eame titre qu\u2019il sera proc\u00e9d\u00e9 \u00e0 l\u2019organisation de s\u00e9ances de soutien intensives au profit des candidats.<\/p>\n<\/div>\n<p>Auteur: Meriem IGASS<br \/>\n<a href=\"http:\/\/www.mapmarrakech.ma\/fr\/baccalaureat-lexamen-national-unifie-entre-les-8-et-12-juin-prochain\/\">Cliquez ici pour lire l&rsquo;article depuis sa source.<\/a><\/p>\n","protected":false},"excerpt":{"rendered":"<p>Les \u00e9preuves de l\u2019examen national unifi\u00e9 du baccalaur\u00e9at 2020-2021 auront lieu du 8 au 12 juin prochain, annonce, lundi, le minist\u00e8re de l\u2019Education nationale, de la formation professionnelle, de l\u2019enseignement sup\u00e9rieur et de la recherche scientifique, ajoutant que l\u2019examen r\u00e9gional unifi\u00e9 (1\u00e8re ann\u00e9e bac) se d\u00e9roulera du 27 mai au 1er juin. Les \u00e9preuves des [&hellip;]<\/p>\n","protected":false},"author":1788,"featured_media":0,"comment_status":"closed","ping_status":"closed","sticky":false,"template":"","format":"standard","meta":{"fifu_image_url":"","fifu_image_alt":"","footnotes":""},"categories":[54,76],"tags":[],"class_list":["post-115249","post","type-post","status-publish","format-standard","hentry","category-maroc","category-regions"],"_links":{"self":[{"href":"https:\/\/linitiative.ca\/International\/wp-json\/wp\/v2\/posts\/115249","targetHints":{"allow":["GET"]}}],"collection":[{"href":"https:\/\/linitiative.ca\/International\/wp-json\/wp\/v2\/posts"}],"about":[{"href":"https:\/\/linitiative.ca\/International\/wp-json\/wp\/v2\/types\/post"}],"author":[{"embeddable":true,"href":"https:\/\/linitiative.ca\/International\/wp-json\/wp\/v2\/users\/1788"}],"replies":[{"embeddable":true,"href":"https:\/\/linitiative.ca\/International\/wp-json\/wp\/v2\/comments?post=115249"}],"version-history":[{"count":0,"href":"https:\/\/linitiative.ca\/International\/wp-json\/wp\/v2\/posts\/115249\/revisions"}],"wp:attachment":[{"href":"https:\/\/linitiative.ca\/International\/wp-json\/wp\/v2\/media?parent=115249"}],"wp:term":[{"taxonomy":"category","embeddable":true,"href":"https:\/\/linitiative.ca\/International\/wp-json\/wp\/v2\/categories?post=115249"},{"taxonomy":"post_tag","embeddable":true,"href":"https:\/\/linitiative.ca\/International\/wp-json\/wp\/v2\/tags?post=115249"}],"curies":[{"name":"wp","href":"https:\/\/api.w.org\/{rel}","templated":true}]}}