{"id":115250,"date":"2021-04-20T11:04:52","date_gmt":"2021-04-20T15:04:52","guid":{"rendered":"https:\/\/linitiative.ca\/International\/le-chantier-de-protection-sociale-est-une-revolution\/"},"modified":"2021-04-20T11:04:52","modified_gmt":"2021-04-20T15:04:52","slug":"le-chantier-de-protection-sociale-est-une-revolution","status":"publish","type":"post","link":"https:\/\/linitiative.ca\/International\/le-chantier-de-protection-sociale-est-une-revolution\/","title":{"rendered":"Le chantier de protection sociale est \u00ab\u00a0une r\u00e9volution\u00a0\u00bb"},"content":{"rendered":"<p class=\"c4\">Le chantier de g\u00e9n\u00e9ralisation de la protection sociale est \u00ab\u00a0une r\u00e9volution sociale\u00a0\u00bb \u00e0 m\u00eame d\u2019am\u00e9liorer les conditions des citoyens marocains, ont consid\u00e9r\u00e9, lundi \u00e0 Rabat, les membres du bureau de la Chambre des repr\u00e9sentants.<\/p>\n<p class=\"c4\">Lors de la r\u00e9union hebdomadaire du bureau, pr\u00e9sid\u00e9e par Habib El Malki, pr\u00e9sident de la Chambre, ils ont assur\u00e9 que ce projet constitue une contribution sans pr\u00e9c\u00e9dent aux efforts de lutte contre la pauvret\u00e9 et la vuln\u00e9rabilit\u00e9, ainsi qu\u2019une avanc\u00e9e strat\u00e9gique dans l\u2019optique de r\u00e9aliser le projet soci\u00e9tal qui place l\u2019Homme au centre du d\u00e9veloppement durable et global, lit-on dans un communiqu\u00e9 du Bureau.<\/p>\n<p class=\"c4\">M. El Malki a rappel\u00e9 l\u2019attention particuli\u00e8re que porte cette institution l\u00e9gislative \u00e0 l\u2019accompagnement de ce chantier national primordial, mettant en avant la place qu\u2019occupe la protection sociale au niveau des diff\u00e9rentes composantes de la Chambre.<\/p>\n<p class=\"c4\">Il a\u00a0rappel\u00e9, \u00e0 juste titre, le travail s\u00e9rieux accompli par le groupe de travail th\u00e9matique sur le syst\u00e8me de sant\u00e9, qui a \u00e9t\u00e9 une occasion d\u2019\u00e9coute des diff\u00e9rents acteurs dans le domaine de la sant\u00e9 et de la protection sociale, pr\u00e9cisant que le groupe a \u00e9labor\u00e9, \u00e0 cet effet, un rapport d\u00e9taill\u00e9 qui sera pr\u00e9sent\u00e9 \u00e0 la Chambre lors de l\u2019une des prochaines s\u00e9ances.<\/p>\n<p class=\"c4\">S\u2019agissant du contr\u00f4le parlementaire, le Bureau a inscrit les secteurs de l\u2019int\u00e9rieur, de la sant\u00e9 et du tourisme, \u00e0 l\u2019ordre du jour de la s\u00e9ance des questions orales de lundi prochain, poursuit la m\u00eame source, relevant qu\u2019en termes d\u2019action l\u00e9gislative, le Bureau a \u00e9galement d\u00e9cid\u00e9 de transmettre le projet de loi N\u00b013.21 relatif \u00e0 l\u2019usage l\u00e9gal du cannabis, \u00e0 la commission de l\u2019int\u00e9rieur, des collectivit\u00e9s territoriales, de l\u2019habitat et de la politique de la ville.<\/p>\n<p class=\"c4\">Pour ce qui est des travaux des commissions, le Bureau a \u00e9t\u00e9 inform\u00e9 de l\u2019\u00e9tat d\u2019avancement de l\u2019examen des projets de loi dont ces instances sont saisies, outre les propositions de loi qui sont au nombre de 227, rappelant la n\u00e9cessit\u00e9 de la concertation des efforts entre la Chambre et le gouvernement pour consolider le rendez-vous mensuel relatif aux propositions de loi.<\/p>\n<p>Auteur: Soufiane ELAHMAR<br \/>\n<a href=\"http:\/\/www.mapoujda.ma\/fr\/le-chantier-de-protection-sociale-est-une-revolution\/\">Cliquez ici pour lire l&rsquo;article depuis sa source.<\/a><\/p>\n","protected":false},"excerpt":{"rendered":"<p>Le chantier de g\u00e9n\u00e9ralisation de la protection sociale est \u00ab\u00a0une r\u00e9volution sociale\u00a0\u00bb \u00e0 m\u00eame d\u2019am\u00e9liorer les conditions des citoyens marocains, ont consid\u00e9r\u00e9, lundi \u00e0 Rabat, les membres du bureau de la Chambre des repr\u00e9sentants. Lors de la r\u00e9union hebdomadaire du bureau, pr\u00e9sid\u00e9e par Habib El Malki, pr\u00e9sident de la Chambre, ils ont assur\u00e9 que ce [&hellip;]<\/p>\n","protected":false},"author":1788,"featured_media":0,"comment_status":"closed","ping_status":"closed","sticky":false,"template":"","format":"standard","meta":{"fifu_image_url":"","fifu_image_alt":"","footnotes":""},"categories":[54,76],"tags":[],"class_list":["post-115250","post","type-post","status-publish","format-standard","hentry","category-maroc","category-regions"],"_links":{"self":[{"href":"https:\/\/linitiative.ca\/International\/wp-json\/wp\/v2\/posts\/115250","targetHints":{"allow":["GET"]}}],"collection":[{"href":"https:\/\/linitiative.ca\/International\/wp-json\/wp\/v2\/posts"}],"about":[{"href":"https:\/\/linitiative.ca\/International\/wp-json\/wp\/v2\/types\/post"}],"author":[{"embeddable":true,"href":"https:\/\/linitiative.ca\/International\/wp-json\/wp\/v2\/users\/1788"}],"replies":[{"embeddable":true,"href":"https:\/\/linitiative.ca\/International\/wp-json\/wp\/v2\/comments?post=115250"}],"version-history":[{"count":0,"href":"https:\/\/linitiative.ca\/International\/wp-json\/wp\/v2\/posts\/115250\/revisions"}],"wp:attachment":[{"href":"https:\/\/linitiative.ca\/International\/wp-json\/wp\/v2\/media?parent=115250"}],"wp:term":[{"taxonomy":"category","embeddable":true,"href":"https:\/\/linitiative.ca\/International\/wp-json\/wp\/v2\/categories?post=115250"},{"taxonomy":"post_tag","embeddable":true,"href":"https:\/\/linitiative.ca\/International\/wp-json\/wp\/v2\/tags?post=115250"}],"curies":[{"name":"wp","href":"https:\/\/api.w.org\/{rel}","templated":true}]}}