{"id":115253,"date":"2021-04-20T10:51:28","date_gmt":"2021-04-20T14:51:28","guid":{"rendered":"https:\/\/linitiative.ca\/International\/jamal-boushaba-tire-sa-reverence\/"},"modified":"2021-04-20T10:51:28","modified_gmt":"2021-04-20T14:51:28","slug":"jamal-boushaba-tire-sa-reverence","status":"publish","type":"post","link":"https:\/\/linitiative.ca\/International\/jamal-boushaba-tire-sa-reverence\/","title":{"rendered":"Jamal Boushaba tire sa r\u00e9v\u00e9rence"},"content":{"rendered":"<p class=\"rtejustify\">Le journaliste et critique d&rsquo;art, Jamal Boushaba, est d\u00e9c\u00e9d\u00e9 mardi des suites d&rsquo;une longue maladie, apprend-on aupr\u00e8s de son entourage.<\/p>\n<p class=\"rtejustify\">Apr\u00e8s des \u00e9tudes en arts appliqu\u00e9s, Jamal Boushaba, fr\u00e8re de notre coll\u00e8gue Amine Boushaba, avait entam\u00e9 sa carri\u00e8re de journaliste en 1990, en lan\u00e7ant le premier mensuel marocain gratuit \u00ab\u00a0Les Align\u00e9s\u00a0\u00bb, avant d&rsquo;acc\u00e9der \u00e0 la direction artistique du magazine f\u00e9minin Parade. Il occupera par la suite le poste de responsable des pages culture de diff\u00e9rents hebdomadaires francophones, avant de passer sur la toile, o\u00f9 il collaborera avec nombre de sites d&rsquo;informations.<\/p>\n<p class=\"rtejustify\">Acteur incontournable de la sc\u00e8ne culturelle, le regrett\u00e9 compte \u00e0 son actif de nombreuses \u00e9missions radio et rencontres culturelles. Il est, par ailleurs, l&rsquo;auteur de plusieurs ouvrages, le dernier en date \u00e9tant son premier recueil de po\u00e9sie, \u00ab\u00a0Champs de nuit\u00a0\u00bb, aux \u00e9ditions Le Fennec.<\/p>\n<p class=\"rtejustify\">En 2020, il a cr\u00e9\u00e9 sa propre plateforme digitale, Artetc, consacr\u00e9e \u00e0 l&rsquo;art moderne et contemporain.<\/p>\n<div class=\"dnd-atom-wrapper type-image context-sdl_editor_representation atom-align-center\" contenteditable=\"false\">\n<div class=\"dnd-drop-wrapper image\"><img loading=\"lazy\" decoding=\"async\" typeof=\"foaf:Image\" class=\"img-responsive\" src=\"https:\/\/www.leconomiste.com\/sites\/default\/files\/eco7\/public\/thumbnails\/image\/condo_boushaba.jpg\" width=\"660\" height=\"940\" alt=\"condo_boushaba.jpg\" title=\"condo_boushaba.jpg\"\/><\/div>\n<\/div>\n<p>Auteur: mbasraoui<br \/>\n<a href=\"https:\/\/www.leconomiste.com\/flash-infos\/jamal-boushaba-tire-sa-reverence\">Cliquez ici pour lire l&rsquo;article depuis sa source.<\/a><\/p>\n","protected":false},"excerpt":{"rendered":"<p>Le journaliste et critique d&rsquo;art, Jamal Boushaba, est d\u00e9c\u00e9d\u00e9 mardi des suites d&rsquo;une longue maladie, apprend-on aupr\u00e8s de son entourage. Apr\u00e8s des \u00e9tudes en arts appliqu\u00e9s, Jamal Boushaba, fr\u00e8re de notre coll\u00e8gue Amine Boushaba, avait entam\u00e9 sa carri\u00e8re de journaliste en 1990, en lan\u00e7ant le premier mensuel marocain gratuit \u00ab\u00a0Les Align\u00e9s\u00a0\u00bb, avant d&rsquo;acc\u00e9der \u00e0 la [&hellip;]<\/p>\n","protected":false},"author":1763,"featured_media":0,"comment_status":"closed","ping_status":"closed","sticky":false,"template":"","format":"standard","meta":{"fifu_image_url":"https:\/\/www.leconomiste.com\/sites\/default\/files\/eco7\/public\/thumbnails\/image\/condo_boushaba.jpg","fifu_image_alt":"Jamal Boushaba tire sa r\u00e9v\u00e9rence","footnotes":""},"categories":[78,54],"tags":[],"class_list":["post-115253","post","type-post","status-publish","format-standard","hentry","category-economie","category-maroc"],"_links":{"self":[{"href":"https:\/\/linitiative.ca\/International\/wp-json\/wp\/v2\/posts\/115253","targetHints":{"allow":["GET"]}}],"collection":[{"href":"https:\/\/linitiative.ca\/International\/wp-json\/wp\/v2\/posts"}],"about":[{"href":"https:\/\/linitiative.ca\/International\/wp-json\/wp\/v2\/types\/post"}],"author":[{"embeddable":true,"href":"https:\/\/linitiative.ca\/International\/wp-json\/wp\/v2\/users\/1763"}],"replies":[{"embeddable":true,"href":"https:\/\/linitiative.ca\/International\/wp-json\/wp\/v2\/comments?post=115253"}],"version-history":[{"count":0,"href":"https:\/\/linitiative.ca\/International\/wp-json\/wp\/v2\/posts\/115253\/revisions"}],"wp:attachment":[{"href":"https:\/\/linitiative.ca\/International\/wp-json\/wp\/v2\/media?parent=115253"}],"wp:term":[{"taxonomy":"category","embeddable":true,"href":"https:\/\/linitiative.ca\/International\/wp-json\/wp\/v2\/categories?post=115253"},{"taxonomy":"post_tag","embeddable":true,"href":"https:\/\/linitiative.ca\/International\/wp-json\/wp\/v2\/tags?post=115253"}],"curies":[{"name":"wp","href":"https:\/\/api.w.org\/{rel}","templated":true}]}}