{"id":115258,"date":"2021-04-20T15:14:09","date_gmt":"2021-04-20T19:14:09","guid":{"rendered":"https:\/\/linitiative.ca\/International\/international-super-ligue-un-tribunal-previent-les-instances\/"},"modified":"2021-04-20T15:14:09","modified_gmt":"2021-04-20T19:14:09","slug":"international-super-ligue-un-tribunal-previent-les-instances","status":"publish","type":"post","link":"https:\/\/linitiative.ca\/International\/international-super-ligue-un-tribunal-previent-les-instances\/","title":{"rendered":"International : Super Ligue: un tribunal pr\u00e9vient les instances"},"content":{"rendered":"<div readability=\"32\">\n<p>Auteur : <span class=\"time\">mardi 20 avril 2021 18:19<\/span><\/p>\n<\/div>\n<div id=\"post_core\" readability=\"46\">\n<p>Depuis l&rsquo;annonce de la cr\u00e9ation de la Super Ligue par 12 grands clubs europ\u00e9ens, l&rsquo;UEFA et la FIFA menacent publiquement les \u00e9quipes impliqu\u00e9es dans ce projet, ainsi que les joueurs. Mais ce mardi, le tribunal de Madrid a rendu une d\u00e9cision pr\u00e9liminaire pour interdire aux instances de prendre la moindre sanction contre la Super Ligue, d&rsquo;apr\u00e8s les informations de Reuters. Ainsi, le tribunal de commerce num\u00e9ro 17 de Madrid a \u00ab\u00a0ordonn\u00e9 \u00e0 la FIFA et l&rsquo;UEFA (&#8230;) de s&rsquo;abstenir d&rsquo;adopter toute mesure ou action ou d&rsquo;\u00e9mettre toute d\u00e9claration ou communiqu\u00e9 qui emp\u00eache ou pose des difficult\u00e9s, de forme directe ou indirecte, \u00e0 la pr\u00e9paration de la Super Ligue de football\u00a0\u00bb, peut-on lire. Bien \u00e9videmment, il faut s&rsquo;attendre \u00e0 une contre-attaque de la part de l&rsquo;UEFA et de la FIFA rapporte Maxifoot.fr.<\/p>\n<p><strong>Publi\u00e9 dans :<\/strong> <span>Super Ligue<\/span><\/p>\n<\/div>\n<p>Auteur:<br \/>\n<a href=\"http:\/\/www.lebuteur.com\/article\/detail?titre=super-ligue-un-tribunal-previent-les-instances&#038;id=99782&#038;utm_source=feedburner&#038;utm_medium=feed&#038;utm_campaign=Feed%3A+GalerieFArtciles+%28Les+derniers+articles++-+lebuteur.com%29\">Cliquez ici pour lire l&rsquo;article depuis sa source.<\/a><\/p>\n","protected":false},"excerpt":{"rendered":"<p>Auteur : mardi 20 avril 2021 18:19 Depuis l&rsquo;annonce de la cr\u00e9ation de la Super Ligue par 12 grands clubs europ\u00e9ens, l&rsquo;UEFA et la FIFA menacent publiquement les \u00e9quipes impliqu\u00e9es dans ce projet, ainsi que les joueurs. Mais ce mardi, le tribunal de Madrid a rendu une d\u00e9cision pr\u00e9liminaire pour interdire aux instances de prendre [&hellip;]<\/p>\n","protected":false},"author":1738,"featured_media":0,"comment_status":"closed","ping_status":"closed","sticky":false,"template":"","format":"standard","meta":{"fifu_image_url":"\/\/cdn.lebuteur.com\/data\/images\/article\/thumbs\/large-super-ligue-un-tribunal-previent-les-instances-d4cd5.jpg","fifu_image_alt":"International : Super Ligue: un tribunal pr\u00e9vient les instances","footnotes":""},"categories":[53,75],"tags":[],"class_list":["post-115258","post","type-post","status-publish","format-standard","hentry","category-algerie","category-sport"],"_links":{"self":[{"href":"https:\/\/linitiative.ca\/International\/wp-json\/wp\/v2\/posts\/115258","targetHints":{"allow":["GET"]}}],"collection":[{"href":"https:\/\/linitiative.ca\/International\/wp-json\/wp\/v2\/posts"}],"about":[{"href":"https:\/\/linitiative.ca\/International\/wp-json\/wp\/v2\/types\/post"}],"author":[{"embeddable":true,"href":"https:\/\/linitiative.ca\/International\/wp-json\/wp\/v2\/users\/1738"}],"replies":[{"embeddable":true,"href":"https:\/\/linitiative.ca\/International\/wp-json\/wp\/v2\/comments?post=115258"}],"version-history":[{"count":0,"href":"https:\/\/linitiative.ca\/International\/wp-json\/wp\/v2\/posts\/115258\/revisions"}],"wp:attachment":[{"href":"https:\/\/linitiative.ca\/International\/wp-json\/wp\/v2\/media?parent=115258"}],"wp:term":[{"taxonomy":"category","embeddable":true,"href":"https:\/\/linitiative.ca\/International\/wp-json\/wp\/v2\/categories?post=115258"},{"taxonomy":"post_tag","embeddable":true,"href":"https:\/\/linitiative.ca\/International\/wp-json\/wp\/v2\/tags?post=115258"}],"curies":[{"name":"wp","href":"https:\/\/api.w.org\/{rel}","templated":true}]}}