{"id":115260,"date":"2021-04-20T15:14:15","date_gmt":"2021-04-20T19:14:15","guid":{"rendered":"https:\/\/linitiative.ca\/International\/international-super-ligue-un-membre-fondateur-sur-le-point-de-se-retirer\/"},"modified":"2021-04-20T15:14:15","modified_gmt":"2021-04-20T19:14:15","slug":"international-super-ligue-un-membre-fondateur-sur-le-point-de-se-retirer","status":"publish","type":"post","link":"https:\/\/linitiative.ca\/International\/international-super-ligue-un-membre-fondateur-sur-le-point-de-se-retirer\/","title":{"rendered":"International : Super Ligue : Un membre fondateur sur le point de se retirer ?"},"content":{"rendered":"<div readability=\"32\">\n<p>Auteur : <span class=\"time\">mardi 20 avril 2021 19:13<\/span><\/p>\n<\/div>\n<div id=\"post_core\" readability=\"41\">\n<p>Chelsea et Manchester City sont les deux clubs qui affichaient des premiers doutes concernant ce projet. Et d&rsquo;apr\u00e8s les informations du m\u00e9dia britannique la BBC que rapporte Maxifoot, les Blues pr\u00e9parent d\u00e9j\u00e0 les documents n\u00e9cessaires pour se retirer de cette nouvelle comp\u00e9tition !<\/p>\n<p>Face \u00e0 la pression populaire et la grosse col\u00e8re des supporters, l&rsquo;actuel 5e de Premier League aurait l&rsquo;intention de faire machine arri\u00e8re. Une nouvelle confirm\u00e9e par Sky Sports et The Guardian ! Il s&rsquo;agirait d&rsquo;une premi\u00e8re victoire importante pour l&rsquo;UEFA et d&rsquo;une d\u00e9sillusion pour la Super Ligue&#8230;<\/p>\n<p><iframe loading=\"lazy\" allow=\"accelerometer; autoplay; clipboard-write; encrypted-media; gyroscope; picture-in-picture\" allowfullscreen=\"allowfullscreen\" frameborder=\"0\" height=\"315\" src=\"https:\/\/www.youtube.com\/embed\/LZilLKWEJ5g\" title=\"YouTube video player\" width=\"560\">[embedded content]<\/iframe><\/p>\n<p><strong>Publi\u00e9 dans :<\/strong> <span>chelsea<\/span><\/p>\n<\/div>\n<p>Auteur:<br \/>\n<a href=\"http:\/\/www.lebuteur.com\/article\/detail?titre=super-ligue-un-membre-fondateur-sur-le-point-de-se-retirer&#038;id=99784&#038;utm_source=feedburner&#038;utm_medium=feed&#038;utm_campaign=Feed%3A+GalerieFArtciles+%28Les+derniers+articles++-+lebuteur.com%29\">Cliquez ici pour lire l&rsquo;article depuis sa source.<\/a><\/p>\n","protected":false},"excerpt":{"rendered":"<p>Auteur : mardi 20 avril 2021 19:13 Chelsea et Manchester City sont les deux clubs qui affichaient des premiers doutes concernant ce projet. Et d&rsquo;apr\u00e8s les informations du m\u00e9dia britannique la BBC que rapporte Maxifoot, les Blues pr\u00e9parent d\u00e9j\u00e0 les documents n\u00e9cessaires pour se retirer de cette nouvelle comp\u00e9tition ! Face \u00e0 la pression populaire [&hellip;]<\/p>\n","protected":false},"author":1738,"featured_media":0,"comment_status":"closed","ping_status":"closed","sticky":false,"template":"","format":"standard","meta":{"fifu_image_url":"\/\/cdn.lebuteur.com\/data\/images\/article\/thumbs\/large-super-ligue-un-membre-fondateur-sur-le-point-de-se-retirer-982a0.jpg","fifu_image_alt":"International : Super Ligue : Un membre fondateur sur le point de se retirer ?","footnotes":""},"categories":[53,75],"tags":[],"class_list":["post-115260","post","type-post","status-publish","format-standard","hentry","category-algerie","category-sport"],"_links":{"self":[{"href":"https:\/\/linitiative.ca\/International\/wp-json\/wp\/v2\/posts\/115260","targetHints":{"allow":["GET"]}}],"collection":[{"href":"https:\/\/linitiative.ca\/International\/wp-json\/wp\/v2\/posts"}],"about":[{"href":"https:\/\/linitiative.ca\/International\/wp-json\/wp\/v2\/types\/post"}],"author":[{"embeddable":true,"href":"https:\/\/linitiative.ca\/International\/wp-json\/wp\/v2\/users\/1738"}],"replies":[{"embeddable":true,"href":"https:\/\/linitiative.ca\/International\/wp-json\/wp\/v2\/comments?post=115260"}],"version-history":[{"count":0,"href":"https:\/\/linitiative.ca\/International\/wp-json\/wp\/v2\/posts\/115260\/revisions"}],"wp:attachment":[{"href":"https:\/\/linitiative.ca\/International\/wp-json\/wp\/v2\/media?parent=115260"}],"wp:term":[{"taxonomy":"category","embeddable":true,"href":"https:\/\/linitiative.ca\/International\/wp-json\/wp\/v2\/categories?post=115260"},{"taxonomy":"post_tag","embeddable":true,"href":"https:\/\/linitiative.ca\/International\/wp-json\/wp\/v2\/tags?post=115260"}],"curies":[{"name":"wp","href":"https:\/\/api.w.org\/{rel}","templated":true}]}}