{"id":115261,"date":"2021-04-20T05:00:00","date_gmt":"2021-04-20T09:00:00","guid":{"rendered":"https:\/\/linitiative.ca\/International\/othman-kechrid-il-faisait-de-lombre-a-certains-album-photos\/"},"modified":"2021-04-20T05:00:00","modified_gmt":"2021-04-20T09:00:00","slug":"othman-kechrid-il-faisait-de-lombre-a-certains-album-photos","status":"publish","type":"post","link":"https:\/\/linitiative.ca\/International\/othman-kechrid-il-faisait-de-lombre-a-certains-album-photos\/","title":{"rendered":"Othman Kechrid: Il faisait de l\u2019ombre \u00e0 certains\u2026 (Album photos)"},"content":{"rendered":"<p><span class=\"c2\"><em><strong>Par Tahar Belkodja &#8211;<\/strong><\/em><\/span> Si Othman, tel que nous le appelions tous, faisait pr\u00e9valoir la p\u00e9rennit\u00e9 de l\u2019Etat et sa primaut\u00e9, et exigeait de tous ses collaborateurs l\u2019int\u00e9grit\u00e9 et la probit\u00e9 qui le caract\u00e9risaient. D\u00e9but 1967, j\u2019\u00e9tais chef de cabinet du super-ministre de l\u2019Economie, feu Ahmed Ben Salah, Si Othman \u00e9tait au poste n\u00e9vralgique de directeur g\u00e9n\u00e9ral des Douanes.\u00a0 Il faisait de l\u2019ombre \u00e0 certains.<\/p>\n<p>C\u2019est ainsi qu\u2019il a \u00e9t\u00e9 la cible de plusieurs man\u0153uvres visant \u00e0 le miner. Je me suis toujours plac\u00e9 de son c\u00f4t\u00e9, lui apportant mon soutien, en faisant valoir sa probit\u00e9, son abn\u00e9gation et sa haute exigence morale.<\/p>\n<p>\u00c0 mes c\u00f4t\u00e9s, entre 1973 et 1977, Si Othman repr\u00e9sentait pour moi le prodige ; pour le minist\u00e8re de l\u2019Int\u00e9rieur, c\u2019\u00e9tait une chance pour sauvegarder l\u2019invuln\u00e9rabilit\u00e9 de l\u2019Etat, la respectabilit\u00e9 de cette gigantesque institution en la prot\u00e9geant des amalgames politiques ou sordides. Malheureusement, les dissensions publiques ou feutr\u00e9es, la pr\u00e9s\u00e9ance des organes du Parti, l\u2019instrumentalisation des institutions favorisaient la d\u00e9liquescence du pays.<\/p>\n<p>Si Othman, secr\u00e9taire g\u00e9n\u00e9ral du minist\u00e8re, savait encadrer et responsabiliser les nouveaux cadres comp\u00e9tents et aguerris. B\u00e9n\u00e9ficiant de mon soutien, Si Othman veillait \u00e0 l\u2019\u00e9quilibre, l\u2019efficacit\u00e9 et la neutralit\u00e9 des diff\u00e9rentes structures du minist\u00e8re de l\u2019Int\u00e9rieur.\u00a0 Heureusement, le pr\u00e9sident Bourguiba \u00e9tait l\u00e0 pour redresser toute d\u00e9rive.<\/p>\n<p>Ces normes ont certes \u00e9volu\u00e9 depuis, mais l\u2019\u00e2me d\u2019antan restera toujours vivante, et le souvenir de Si Othman, ce grand commis de l\u2019Etat, restera pr\u00e9pond\u00e9rant. Que Dieu le b\u00e9nisse..<\/p>\n<p class=\"c5\"><strong>Tahar Belkodja<\/strong><br \/><span class=\"c4\"><em>Ancien ministre de l\u2019Int\u00e9rieur<\/em><\/span><\/p>\n<p class=\"c6\"><strong>Lire aussi<\/strong><\/p>\n<p class=\"c6\"><a href=\"https:\/\/www.leaders.com.tn\/article\/31733-othman-kechrid-une-ecole\" target=\"_blank\" rel=\"noopener\">Othman Kechrid, une \u00e9cole (Album photos)<\/a><\/p>\n<p class=\"c6\"><a href=\"https:\/\/www.leaders.com.tn\/article\/31720-othman-kechrid-un-pionnier-du-commerce-exterieur\" target=\"_blank\" rel=\"noopener\">Othman Kechrid: Un pionnier du commerce ext\u00e9rieur (Album photos)<\/a><\/p>\n<p class=\"c6\"><a href=\"https:\/\/www.leaders.com.tn\/article\/31692-chekib-nouira-adieu-am-othman\" target=\"_blank\" rel=\"noopener\">Ch\u00e9kib Nouira: Adieu Am Othman (Album photos)<\/a><\/p>\n<p class=\"c6\"><a href=\"https:\/\/www.leaders.com.tn\/article\/31682-othman-kechrid-de-l-instituteur-au-ministre-de-l-interieur-une-belle-carriere-bien-meritee\" target=\"_blank\" rel=\"noopener\">Othman Kechrid: De l\u2019instituteur au ministre de l\u2019Int\u00e9rieur, une belle carri\u00e8re bien m\u00e9rit\u00e9e (Album photos)<\/a><\/p>\n<p><a href=\"https:\/\/www.leaders.com.tn\/article\/31484-l-ancien-ministre-othman-kechrid-est-decede\" target=\"_blank\" rel=\"noopener\">L\u2019ancien ministre Othman Kechrid est d\u00e9c\u00e9d\u00e9<\/a><\/p>\n<p><a href=\"https:\/\/www.leaders.com.tn\/article\/18925-othman-kechrid\" target=\"_blank\" rel=\"noopener\">Pourquoi Othman Kechrid, 95 ans, ancien ministre de l\u2019Int\u00e9rieur, a \u00e9t\u00e9 convoqu\u00e9 par la Garde nationale ?<\/a><\/p>\n<p><a href=\"https:\/\/www.leaders.com.tn\/article\/2504-othman-kechrid-merci-dr-zmerli-de-nous-avoir-si-bien-restitue-le-parcours-du-dr-el-okbi\" target=\"_blank\" rel=\"noopener\">Othman Kechrid: Merci, Dr Zmerli, de nous avoir si bien restitu\u00e9 le parcours du Dr El Okbi<\/a><\/p>\n<p class=\"c5\">\u00a0<\/p>\n<p>Auteur:<br \/>\n<a href=\"https:\/\/www.leaders.com.tn\/article\/31752-othman-kechrid-il-faisait-de-l-ombre-a-certains\">Cliquez ici pour lire l&rsquo;article depuis sa source.<\/a><\/p>\n","protected":false},"excerpt":{"rendered":"<p>Par Tahar Belkodja &#8211; Si Othman, tel que nous le appelions tous, faisait pr\u00e9valoir la p\u00e9rennit\u00e9 de l\u2019Etat et sa primaut\u00e9, et exigeait de tous ses collaborateurs l\u2019int\u00e9grit\u00e9 et la probit\u00e9 qui le caract\u00e9risaient. D\u00e9but 1967, j\u2019\u00e9tais chef de cabinet du super-ministre de l\u2019Economie, feu Ahmed Ben Salah, Si Othman \u00e9tait au poste n\u00e9vralgique de [&hellip;]<\/p>\n","protected":false},"author":1772,"featured_media":0,"comment_status":"closed","ping_status":"closed","sticky":false,"template":"","format":"standard","meta":{"fifu_image_url":"","fifu_image_alt":"","footnotes":""},"categories":[73,55],"tags":[],"class_list":["post-115261","post","type-post","status-publish","format-standard","hentry","category-actualite","category-tunisie"],"_links":{"self":[{"href":"https:\/\/linitiative.ca\/International\/wp-json\/wp\/v2\/posts\/115261","targetHints":{"allow":["GET"]}}],"collection":[{"href":"https:\/\/linitiative.ca\/International\/wp-json\/wp\/v2\/posts"}],"about":[{"href":"https:\/\/linitiative.ca\/International\/wp-json\/wp\/v2\/types\/post"}],"author":[{"embeddable":true,"href":"https:\/\/linitiative.ca\/International\/wp-json\/wp\/v2\/users\/1772"}],"replies":[{"embeddable":true,"href":"https:\/\/linitiative.ca\/International\/wp-json\/wp\/v2\/comments?post=115261"}],"version-history":[{"count":0,"href":"https:\/\/linitiative.ca\/International\/wp-json\/wp\/v2\/posts\/115261\/revisions"}],"wp:attachment":[{"href":"https:\/\/linitiative.ca\/International\/wp-json\/wp\/v2\/media?parent=115261"}],"wp:term":[{"taxonomy":"category","embeddable":true,"href":"https:\/\/linitiative.ca\/International\/wp-json\/wp\/v2\/categories?post=115261"},{"taxonomy":"post_tag","embeddable":true,"href":"https:\/\/linitiative.ca\/International\/wp-json\/wp\/v2\/tags?post=115261"}],"curies":[{"name":"wp","href":"https:\/\/api.w.org\/{rel}","templated":true}]}}