{"id":115262,"date":"2021-04-20T07:00:00","date_gmt":"2021-04-20T11:00:00","guid":{"rendered":"https:\/\/linitiative.ca\/International\/tunisie-le-projet-des-quais-8-et-9-du-port-de-rades-sera-t-il-relance\/"},"modified":"2021-04-20T07:00:00","modified_gmt":"2021-04-20T11:00:00","slug":"tunisie-le-projet-des-quais-8-et-9-du-port-de-rades-sera-t-il-relance","status":"publish","type":"post","link":"https:\/\/linitiative.ca\/International\/tunisie-le-projet-des-quais-8-et-9-du-port-de-rades-sera-t-il-relance\/","title":{"rendered":"Tunisie: Le projet des quais 8 et 9 du port de Rad\u00e8s sera-t-il relanc\u00e9?"},"content":{"rendered":"<p>Il est en bonne voie. Gr\u00e2ce au don am\u00e9ricain de 300 millions de dollars, il conna\u00eetra rapidement sa r\u00e9alisation. D\u2019ores et d\u00e9j\u00e0, les documents sont en cours de finalisation entre les deux pays pour permettre le lancement effectif. Ce qu\u2019il convient de mentionner, c\u2019est que le projet comprend l\u2019am\u00e9nagement d\u2019une zone logistique s\u2019\u00e9tendant sur 20 ha, et c\u2019est pr\u00e9cieux. Mais aussi il b\u00e9n\u00e9ficiera \u00e0 divers intervenants, notamment la Stam, les douanes et TTN, avec \u00e9galement une composante formation.<\/p>\n<p><strong>Lire aussi<\/strong><\/p>\n<p><a href=\"https:\/\/www.leaders.com.tn\/article\/31736-de-report-en-report-l-entree-en-service-du-rfr-echaude-les-usagers\" target=\"_blank\" rel=\"noopener\">Tunisie: A quand l&rsquo;entr\u00e9e en service du RFR ?<\/a><\/p>\n<p><a href=\"https:\/\/www.leaders.com.tn\/article\/31728-moez-chakchouk-et-pourtant-il-faut-que-ca-roule\" target=\"_blank\" rel=\"noopener\">Moez Chakchouk: Et pourtant, il faut que \u00e7a roule<\/a><\/p>\n<p>Auteur:<br \/>\n<a href=\"https:\/\/www.leaders.com.tn\/article\/31737-le-projet-des-quais-8-et-9-du-port-de-rades-sera-t-il-relance\">Cliquez ici pour lire l&rsquo;article depuis sa source.<\/a><\/p>\n","protected":false},"excerpt":{"rendered":"<p>Il est en bonne voie. Gr\u00e2ce au don am\u00e9ricain de 300 millions de dollars, il conna\u00eetra rapidement sa r\u00e9alisation. D\u2019ores et d\u00e9j\u00e0, les documents sont en cours de finalisation entre les deux pays pour permettre le lancement effectif. Ce qu\u2019il convient de mentionner, c\u2019est que le projet comprend l\u2019am\u00e9nagement d\u2019une zone logistique s\u2019\u00e9tendant sur 20 [&hellip;]<\/p>\n","protected":false},"author":1772,"featured_media":0,"comment_status":"closed","ping_status":"closed","sticky":false,"template":"","format":"standard","meta":{"fifu_image_url":"","fifu_image_alt":"","footnotes":""},"categories":[73,55],"tags":[],"class_list":["post-115262","post","type-post","status-publish","format-standard","hentry","category-actualite","category-tunisie"],"_links":{"self":[{"href":"https:\/\/linitiative.ca\/International\/wp-json\/wp\/v2\/posts\/115262","targetHints":{"allow":["GET"]}}],"collection":[{"href":"https:\/\/linitiative.ca\/International\/wp-json\/wp\/v2\/posts"}],"about":[{"href":"https:\/\/linitiative.ca\/International\/wp-json\/wp\/v2\/types\/post"}],"author":[{"embeddable":true,"href":"https:\/\/linitiative.ca\/International\/wp-json\/wp\/v2\/users\/1772"}],"replies":[{"embeddable":true,"href":"https:\/\/linitiative.ca\/International\/wp-json\/wp\/v2\/comments?post=115262"}],"version-history":[{"count":0,"href":"https:\/\/linitiative.ca\/International\/wp-json\/wp\/v2\/posts\/115262\/revisions"}],"wp:attachment":[{"href":"https:\/\/linitiative.ca\/International\/wp-json\/wp\/v2\/media?parent=115262"}],"wp:term":[{"taxonomy":"category","embeddable":true,"href":"https:\/\/linitiative.ca\/International\/wp-json\/wp\/v2\/categories?post=115262"},{"taxonomy":"post_tag","embeddable":true,"href":"https:\/\/linitiative.ca\/International\/wp-json\/wp\/v2\/tags?post=115262"}],"curies":[{"name":"wp","href":"https:\/\/api.w.org\/{rel}","templated":true}]}}