{"id":115264,"date":"2021-04-20T12:31:00","date_gmt":"2021-04-20T16:31:00","guid":{"rendered":"https:\/\/linitiative.ca\/International\/israel-73-ans-dexistence-mais-que-de-nuages-sur-la-fete\/"},"modified":"2021-04-20T12:31:00","modified_gmt":"2021-04-20T16:31:00","slug":"israel-73-ans-dexistence-mais-que-de-nuages-sur-la-fete","status":"publish","type":"post","link":"https:\/\/linitiative.ca\/International\/israel-73-ans-dexistence-mais-que-de-nuages-sur-la-fete\/","title":{"rendered":"Isra\u00ebl : 73 ans d\u2019existence mais que de nuages sur la f\u00eate !"},"content":{"rendered":"<p><span class=\"c2\"><em><strong><img decoding=\"async\" src=\"\/uploads\/FCK_files\/Mohamed-Larbi-Bouguerra(45).jpg\" alt=\"\" width=\"20%\" vspace=\"5\" hspace=\"5\" align=\"left\"\/>Mohamed Larbi Bouguerra &#8211;<\/strong><\/em><\/span> Les c\u00e9r\u00e9monies de l\u2019anniversaire de l\u2019Ind\u00e9pendance et de la Journ\u00e9e de la Comm\u00e9moration ont montr\u00e9 qu\u2019Isra\u00ebl est un pays divis\u00e9 comme jamais et domin\u00e9 par le Likoud, le parti du Premier Ministre. Le couple Netanyahou virevoltait partout lors de ces deux jours comme un duo royal et Netanyahou Junior, via Twitter, r\u00e9pandait de la boue sur quiconque n\u2019\u00e9tait pas un fan de son papa ch\u00e9ri. Pass\u00e9s \u00e0 la trappe les Palestiniens sans vaccins dans les territoires occup\u00e9s et dont la sant\u00e9 rel\u00e8ve des autorit\u00e9s occupantes\u2026alors qu\u2019Isra\u00ebl envoie des vaccins au Guatemala ou au Kosovo en r\u00e9compense d\u2019une ambassade ouverte \u00e0 J\u00e9rusalem !<\/p>\n<p>Par ailleurs, faut-il rappeler que Netanyahou fait l\u2019objet de graves accusations de crimes, de corruption, d\u2019escroquerie, de fraude et d\u2019abus de confiance ? La r\u00e9putation sulfureuse de Netanyahou va au-del\u00e0 d\u2019Isra\u00ebl. Ainsi, M\u00e9diapart (16 avril 2021) r\u00e9v\u00e8le : <em>\u00ab D\u00e9finitivement condamn\u00e9 pour la plus grande escroquerie de France- [deux milliards d\u2019euros soustraits au fisc fran\u00e7ais dans l\u2019affaire des quotas de carbone] &#8211; l\u2019affairiste fran\u00e7ais Arnaud Mimran, qui fut aussi un soutien financier de Benyamin Netanyahou, a \u00e9t\u00e9 mis en examen pour les meurtre et assassinat de son complice Samy Souied et de son beau-p\u00e8re, le milliardaire Claude Dray. Un dossier hors norme o\u00f9 se m\u00ealent l\u2019argent et le sang. \u00bb<\/em><\/p>\n<p>Pour ne rien arranger, on a appris,\u00a0 le 15 avril 2021,\u00a0 que la Chambre des Repr\u00e9sentants \u00e0 Washington a introduit un projet de loi tendant \u00e0 \u00ab r\u00e9guler \u00bb l\u2019aide accord\u00e9e \u00e0 l\u2019Etat sioniste. Preuve que la critique d\u2019Isra\u00ebl enfle au sein du Parti d\u00e9mocrate dont les membres sont \u00e0 67% en faveur d\u2019un Etat palestinien.<\/p>\n<p><span class=\"c3\"><strong>Un d\u00e9put\u00e9 antisioniste et un savant isra\u00e9lien pro-bds<\/strong><\/span><\/p>\n<p>Sur ces deux jours, en Isra\u00ebl, malgr\u00e9 la parade a\u00e9rienne, une atmosph\u00e8re pesante a flott\u00e9 sur le pays qui vit une crise politique sans pr\u00e9c\u00e9dent : Netanyahou s\u2019accroche au pouvoir mais se r\u00e9v\u00e8le incapable de former le gouvernement en d\u00e9pit de toutes les magouilles de son riche arsenal. Le Pr\u00e9sident Reuven Rivlin, de guerre lasse,\u00a0 a fini par le charger de cette mission mais en faisant des remarques acides \u00e0 peine voil\u00e9es sur son \u00ab \u00e9thique \u00bb. Apr\u00e8s quatre \u00e9lections g\u00e9n\u00e9rales en deux ans, le pays ne croit plus en les institutions politiques et en leurs hommes (Sondages r\u00e9alis\u00e9s par l\u2019Institut isra\u00e9lien de la d\u00e9mocratie in Haaretz, 16 avril 2021).<br \/>De plus, il y a d\u2019abord le passage \u00e0 tabac inflig\u00e9 par la police \u00e0 Ofer Cassif, un membre du Parlement (Knesset) homme de gauche et ensuite il y a l\u2019opposition du ministre de l\u2019Education d\u2019accorder une prestigieuse distinction \u00e0 un grand math\u00e9maticien isra\u00e9lien le professeur Oded Goldreich.<\/p>\n<p>Le comble de l\u2019horreur a cependant \u00e9t\u00e9 atteint au cours de ces deux jours de festivit\u00e9 quand un ancien combattant des guerres isra\u00e9liennes handicap\u00e9 s\u2019est transform\u00e9 en torche vivante\u00a0 lundi 12 avril 2021 devant le d\u00e9partement de la R\u00e9habilitation du Minist\u00e8re de la D\u00e9fense pour d\u00e9noncer ses conditions de vie.<\/p>\n<p>Mais pourquoi cibler le d\u00e9put\u00e9 Cassif? Pourquoi la police a-t-elle d\u00e9chir\u00e9 sa chemise et cass\u00e9 ses lunettes ?<\/p>\n<p>Parce qu\u2019il ose se dire publiquement, \u00e0 la face de l\u2019Etat d\u2019Isra\u00ebl, qu\u2019il est antisioniste, sans se cacher le moins du monde. Il a d\u00e9clar\u00e9 au quotidien Haaretz (18 avril 2021): <em>\u00ab Je m\u2019oppose\u00a0 cat\u00e9goriquement \u00e0 l\u2019id\u00e9ologie et \u00e0 la pratique du sionisme\u2026Il s\u2019agit d\u2019une id\u00e9ologie et d\u2019une pratique qui \u00e9pousent les concepts de la supr\u00e9matie juive. \u00bb Jamais de tels propos n\u2019ont \u00e9t\u00e9 prof\u00e9r\u00e9s par un membre juif de la Knesset au cours de ces soixante treize ann\u00e9es. Des juifs antisionistes de poids sont connus mais ils vivent \u00e0 l\u2019\u00e9tranger \u00e9crit le journaliste Gideon Levy qui ajoute que tous ceux qui se sont exprim\u00e9s en Isra\u00ebl m\u00eame deviennent des \u00ab des clowns, des excentriques, des fous, des tra\u00eetres ha\u00efs, des ennemis dont on met en doute la sant\u00e9 mentale\u2026.Isra\u00ebl est ouvert \u00e0 la critique mais pas quand il s\u2019agit des fondations sur lesquelles il a \u00e9t\u00e9 b\u00e2ti\u2026..Les ruines de centaines de villages palestiniens d\u00e9molis par Isra\u00ebl sont maintenant couvertes par les for\u00eats du Fonds National Juif<span class=\"c4\"><sup><strong>*<\/strong><\/sup><\/span> et les questions s\u00e9rieuses sont trait\u00e9es avec m\u00e9pris. Ceux qui osent les soulever sont diabolis\u00e9s. \u00bb Et Gideon Levy de poursuivre : \u00ab En Isra\u00ebl il est permis d\u2019\u00eatre un \u00ab voyou des collines \u00bb [des colons ill\u00e9gaux qui attaquent les paysans palestiniens alors que l\u2019arm\u00e9e regarde sans intervenir], ou d\u2019\u00eatre membre d\u2019un parti n\u00e9o-nazi ou m\u00eame terroriste juif mais il est interdit d\u2019\u00eatre antisioniste car c\u2019est d\u00e9passer les bornes. \u00bb<\/em><\/p>\n<p>Il y a aussi\u00a0 l\u2019affaire Oded Goldreich. Il s\u2019agit d\u2019un professeur de math\u00e9matiques et d\u2019informatique \u00e0 l\u2019Institut Weizmann d\u00e9sign\u00e9 par l\u2019Acad\u00e9mie Nationale des Sciences d\u2019Isra\u00ebl pour recevoir le prestigieux Prix d\u2019Isra\u00ebl. Ses recherches portent sur la th\u00e9orie de la cryptographie et la complexit\u00e9 algorithmique. Cette distinction est attribu\u00e9e par l\u2019Etat \u00e0 des personnalit\u00e9s isra\u00e9liennes ayant marqu\u00e9 l\u2019ann\u00e9e sur le plan scientifique, artistique ou culturel. La d\u00e9signation de Goldreich a mis hors de lui le ministre de l\u2019Education Yoav Gallant, ancien g\u00e9n\u00e9ral, un partisan fervent de l\u2019extr\u00eame droite et un membre du Likoud.<\/p>\n<p>Pourquoi s\u2019en prendre \u00e0 ce savant d\u00e9fendu par l\u2019Acad\u00e9mie des Sciences d\u2019Isra\u00ebl?<\/p>\n<p>D\u2019abord, parce qu\u2019il est communiste- \u00ab un rouge \u00bb pour le ministre- g\u00e9n\u00e9ral- et qui assume publiquement ses id\u00e9es.\u00a0 Il avait en en plus sign\u00e9, avec 240 autres universitaires isra\u00e9liens r\u00e9put\u00e9s, une p\u00e9tition adress\u00e9e au Bundestag allemand (Parlement). En 2019, ces savants avaient condamn\u00e9 une motion du Parlement allemand d\u00e9signant le mouvement BDS (Boycott, D\u00e9sinvestissement et Sanctions) comme antis\u00e9mite.<\/p>\n<p>Les signataires isra\u00e9liens niaient tout caract\u00e8re antis\u00e9mite au mouvement BDS et demandaient au gouvernement allemand de ne pas suivre les recommandations du Bundestag. Ils s\u2019inqui\u00e9taient de voir le droit \u00e0 la libert\u00e9 d\u2019expression ainsi r\u00e9duit. Goldreich a aussi trait\u00e9 les soldats isra\u00e9liens de <em>\u00ab criminels de guerre \u00bb<\/em> et appel\u00e9 l\u2019Union Europ\u00e9enne \u00e0 ne pas financer l\u2019Universit\u00e9 d\u2019Ariel \u00e9tablie en Cisjordanie occup\u00e9e. (The Times of Isra\u00ebl, 9 avril 2021) Ce que les extr\u00e9mistes de l\u2019acabit de Netanyahou et de Gallant ne peuvent souffrir ! Ce dernier- militaire endurci- n\u2019h\u00e9sitera pas \u00e0 d\u00e9clarer : <em>\u00ab Le fait que ce professeur re\u00e7oive d\u2019une main le plus prestigieux des prix de la part d\u2019Isra\u00ebl et que, de l\u2019autre main, il soutienne un mouvement qui nie le droit d\u2019Isra\u00ebl \u00e0 exister est inacceptable. \u00bb<\/em> (Lire Pierre Barbancey, L\u2019Humanit\u00e9, 7 avril 2021, p. 24) Comme on le voit, le maccarthysme survit bel et bien en Isra\u00ebl pour quiconque exprime des opinions de gauche. Sur sa lanc\u00e9e, son Excellence fait tout pour que Goldreich ne re\u00e7oive pas ce prix.<\/p>\n<p>Le Conseil de l\u2019Acad\u00e9mie nationale des Sciences d\u2019Isra\u00ebl a tenu \u00e0 rappeler que le prix d\u2019Isra\u00ebl est attribu\u00e9 uniquement sur des crit\u00e8res d\u2019excellence en recherche et a d\u00e9pos\u00e9 plainte devant la Cour Supr\u00eame contre le ministre-g\u00e9n\u00e9ral de l\u2019Education. Celle-ci a d\u00e9cid\u00e9 que le ministre-g\u00e9n\u00e9ral pouvait bloquer pendant un mois l\u2019attribution du Prix. Le 11 avril 2021, Goldreich n\u2019a donc pas re\u00e7u cette r\u00e9compense ! Dans une interview, il avait qualifi\u00e9 Gallant et le Premier ministre Benjamin Netanyahu de \u00ab mal\u00e9fiques \u00bb, d\u00e9clarant que \u00ab l\u2019angoisse \u00bb de devoir leur serrer la main lors de la remise du Prix \u00e9tait faible par rapport \u00e0 celle caus\u00e9e par les \u00ab politiques criminelles et stupides du gouvernement \u00bb.<\/p>\n<p><span class=\"c3\"><strong>Un v\u00e9t\u00e9ran isra\u00e9lien se fait Hara kiri<\/strong><\/span><\/p>\n<p>Les guerres isra\u00e9liennes et le d\u00e9ploiement des soldats en territoire occup\u00e9 ne font pas que des h\u00e9ros. Elles produisent aussi des loques humaines qui vont en Inde \u00e0 la recherche des paradis artificiels de la drogue et oublier leurs crimes contre les civils palestiniens ou libanais. Certains d\u2019entre eux, en tr\u00e8s piteux \u00e9tat, sont r\u00e9guli\u00e8rement rapatri\u00e9s par l\u2019ambassade de Delhi.<br \/>Lundi 12 avril 2021, Itzik Saidian, un ancien combattant handicap\u00e9 de 26 ans,\u00a0 souffrant en outre des troubles du stress post-traumatique (PTSD) a essay\u00e9 de s\u2019immoler par le feu devant le d\u00e9partement de la R\u00e9habilitation du Minist\u00e8re de la D\u00e9fense pour protester contre la bureaucratie et le peu d\u2019int\u00e9r\u00eat accord\u00e9 par le minist\u00e8re aux v\u00e9t\u00e9rans.\u00a0<\/p>\n<p>Il a \u00e9t\u00e9 transf\u00e9r\u00e9 \u00e0 l\u2019h\u00f4pital avec de s\u00e9v\u00e8res br\u00fblures. <em>\u00abPeu de citoyens isra\u00e9liens, comprennent, ce que signifie \u00eatre confin\u00e9 dans un fauteuil roulant, ou amput\u00e9, aveugle ou post-traumatique dont les blessures ne sont pas visibles mais dont l\u2019\u00e2me saigne \u00bb<\/em> a d\u00e9clar\u00e9 le pr\u00e9sident de l\u2019association des v\u00e9t\u00e9rans handicap\u00e9s.(Lire Isra\u00eblValley sur le site de la Chambre de Commerce France-Isra\u00ebl, 19 avril 2021) Mercredi, de nombreux v\u00e9t\u00e9rans ont manifest\u00e9 aussi en soutien \u00e0 Saidian et ont critiqu\u00e9 le Minist\u00e8re pour la modicit\u00e9 de leur pension et le m\u00e9pris de leur cas par les autorit\u00e9s tout en planifiant une seconde manifestation pour le dimanche 18 avril 2021 devant le Minist\u00e8re des Arm\u00e9es \u00e0 tel Aviv.<\/p>\n<p>Sur ce, le Canal 12 News de la t\u00e9l\u00e9vision a diffus\u00e9 une \u00e9mission traitant du D\u00e9partement de la R\u00e9habilitation des Arm\u00e9es. On apprend ainsi que les autorit\u00e9s fouillent\u00a0 jusque dans la scolarit\u00e9\u00a0 des v\u00e9t\u00e9rans atteints de PTSD pour leur refuser ou pour diminuer leurs droits \u00e0 pension. D\u2019autres v\u00e9t\u00e9rans ont parl\u00e9 de fraudes et de crimes au sein du Minist\u00e8re qui les transforment en \u00ab haillons \u00bb et ont pouss\u00e9 Saidian \u00e0 s\u2019immoler par le feu.\u00a0 Mais s\u2019agissant des d\u00e9penses de l\u2019avion du Premier Ministre et ou de celles de sa r\u00e9sidence officielle ou du co\u00fbt de l\u2019approvisionnement en eau de sa propri\u00e9t\u00e9 priv\u00e9e \u00e0 C\u00e9sar\u00e9e, l\u2019Etat est beaucoup moins regardant que pour les anciens combattants d\u2019apr\u00e8s cette cha\u00efne de t\u00e9l\u00e9vision.<\/p>\n<p>Au-del\u00e0 de tous ces \u00e9v\u00e8nements -aussi significatifs qu\u2019ils soient- Isra\u00ebl est aujourd\u2019hui un pays o\u00f9 <em>\u00ab l\u2019enracinement d\u2019une extr\u00eame droite juive antid\u00e9mocratique, raciste et d\u00e9complex\u00e9e \u00bb<\/em> (Lire Charles Enderlin, Orient XXI, 30 mars 2021) est patent et menace la paix dans toute la r\u00e9gion \u00e0 l\u2019heure o\u00f9 chaque jour apporte son lot d\u2019assassinat de Palestiniens et de destruction de leurs maisons.<br \/>Dans l\u2019assourdissant silence des m\u00e9dias et des intellectuels.<\/p>\n<p class=\"c5\"><strong>Mohamed Larbi Bouguerra<\/strong><\/p>\n<p><span class=\"c6\"><em>* Dans certains pays occidentaux, les donations pour le FNJ sont d\u00e9ductibles des imp\u00f4ts.<\/em><\/span><br \/>\u00a0<\/p>\n<p>Auteur:<br \/>\n<a href=\"https:\/\/www.leaders.com.tn\/article\/31756-israel-73-ans-d-existence-mais-que-de-nuages-sur-la-fete\">Cliquez ici pour lire l&rsquo;article depuis sa source.<\/a><\/p>\n","protected":false},"excerpt":{"rendered":"<p>Mohamed Larbi Bouguerra &#8211; Les c\u00e9r\u00e9monies de l\u2019anniversaire de l\u2019Ind\u00e9pendance et de la Journ\u00e9e de la Comm\u00e9moration ont montr\u00e9 qu\u2019Isra\u00ebl est un pays divis\u00e9 comme jamais et domin\u00e9 par le Likoud, le parti du Premier Ministre. Le couple Netanyahou virevoltait partout lors de ces deux jours comme un duo royal et Netanyahou Junior, via Twitter, [&hellip;]<\/p>\n","protected":false},"author":1772,"featured_media":0,"comment_status":"closed","ping_status":"closed","sticky":false,"template":"","format":"standard","meta":{"fifu_image_url":"\/uploads\/FCK_files\/Mohamed-Larbi-Bouguerra(45).jpg","fifu_image_alt":"Isra\u00ebl : 73 ans d\u2019existence mais que de nuages sur la f\u00eate !","footnotes":""},"categories":[73,55],"tags":[],"class_list":["post-115264","post","type-post","status-publish","format-standard","hentry","category-actualite","category-tunisie"],"_links":{"self":[{"href":"https:\/\/linitiative.ca\/International\/wp-json\/wp\/v2\/posts\/115264","targetHints":{"allow":["GET"]}}],"collection":[{"href":"https:\/\/linitiative.ca\/International\/wp-json\/wp\/v2\/posts"}],"about":[{"href":"https:\/\/linitiative.ca\/International\/wp-json\/wp\/v2\/types\/post"}],"author":[{"embeddable":true,"href":"https:\/\/linitiative.ca\/International\/wp-json\/wp\/v2\/users\/1772"}],"replies":[{"embeddable":true,"href":"https:\/\/linitiative.ca\/International\/wp-json\/wp\/v2\/comments?post=115264"}],"version-history":[{"count":0,"href":"https:\/\/linitiative.ca\/International\/wp-json\/wp\/v2\/posts\/115264\/revisions"}],"wp:attachment":[{"href":"https:\/\/linitiative.ca\/International\/wp-json\/wp\/v2\/media?parent=115264"}],"wp:term":[{"taxonomy":"category","embeddable":true,"href":"https:\/\/linitiative.ca\/International\/wp-json\/wp\/v2\/categories?post=115264"},{"taxonomy":"post_tag","embeddable":true,"href":"https:\/\/linitiative.ca\/International\/wp-json\/wp\/v2\/tags?post=115264"}],"curies":[{"name":"wp","href":"https:\/\/api.w.org\/{rel}","templated":true}]}}