{"id":115265,"date":"2021-04-20T06:00:00","date_gmt":"2021-04-20T10:00:00","guid":{"rendered":"https:\/\/linitiative.ca\/International\/et-la-prochaine-etape-le-pantalon-et-le-calecon-aux-chevilles\/"},"modified":"2021-04-20T06:00:00","modified_gmt":"2021-04-20T10:00:00","slug":"et-la-prochaine-etape-le-pantalon-et-le-calecon-aux-chevilles","status":"publish","type":"post","link":"https:\/\/linitiative.ca\/International\/et-la-prochaine-etape-le-pantalon-et-le-calecon-aux-chevilles\/","title":{"rendered":"Et la prochaine \u00e9tape ? Le pantalon et le cale\u00e7on aux chevilles ?"},"content":{"rendered":"<p class=\"c3\">\u00c0 peine d\u00e9sign\u00e9 \u00e0 la t\u00eate de la FAF, le nouveau pr\u00e9sident a d\u00e9clar\u00e9 : avec moi, les Verts passeront un nouveau cap. Ils ne se contenteront plus de gagner. Ils feront un\u2026<\/p>\n<p class=\"c3\"><strong>\u2026 tabac !\u00a0<\/strong><\/p>\n<p class=\"c3\">D\u2019abord, il faut \u00ab prot\u00e9ger la place de Rachad dans le Hirak \u00bb ; ensuite, \u00ab Moukhabaret Irhabyia ! \u00bb. Ensuite, on bat le rappel fissa du sociologue de \u2026 service, ou plut\u00f4t au service permanent de l\u2019islamisme et du kitukisme pour nous expliquer, sans un soup\u00e7on de bu\u00e9e sur ses lunettes, qu\u2019il faut \u00ab restructurer \u00bb (sic) les services de renseignement alg\u00e9riens. Ensuite, t\u2019as le penseur, en statue de cire tellement il pense depuis Mathusalem, qui nous sugg\u00e8re d\u2019imiter le voisin de l\u2019Ouest et de normaliser avec Isra\u00ebl. Qu\u2019en dehors de faire ami-ami et plus si affinit\u00e9s avec Netanyahou, il n\u2019y a point de salut pour la D\u00e9z\u00e9die. Ya sahbi ! Et dire qu\u2019ils s\u2019en trouvent qui osent parler de p\u00e9nuries en ce Ramadhan ! M\u2019enfin ! Bien au contraire ! Le march\u00e9 aux id\u00e9es hardies, os\u00e9es et sans hachma est au bord de la saturation ! O\u00f9 allons-nous stocker tout ce \u00ab khe\u00efr \u00bb, cette abondance, cet exc\u00e9dent de fraternisation incestueuse, je vous le demande ? Et donc, si je comprends bien, apr\u00e8s avoir gard\u00e9 au chaud la place et la bouilloire de Dhina, apr\u00e8s avoir dissous le DRS dans la sauce \u00ab caustique \u00bb du socio-islamisme, apr\u00e8s avoir crach\u00e9 sur Boudia, nos soldats morts pour la Palestine et nous mettre \u00e0 l\u2019amiti\u00e9 \u00ab cashero-shabbatique \u00bb, c\u2019est quoi la prochaine \u00e9tape, mes loulous ? Le pantalon ? \u00c0 vous \u00e9couter, il est d\u00e9j\u00e0 aux chevilles, le cale\u00e7on avec. Demander pardon \u00e0 la France pour nous \u00eatre laiss\u00e9s colonis\u00e9s ? Ben, on n\u2019en est plus tr\u00e8s loin, puisque certains, ici m\u00eame, sugg\u00e8rent de plus en plus clairement de mettre sur un pied d\u2019\u00e9galit\u00e9 les \u00ab exactions \u00bb de l\u2019arm\u00e9e coloniale et de l\u2019ALN !!! Ya waldi, ne soyez pas g\u00ean\u00e9s aux entournures ! L\u00e2chez-vous ! C\u2019est le mois de la prodigalit\u00e9 et certains \u00e9tals sont encore vides. Remplissez-les vite avec des id\u00e9es du m\u00eame acabit, au p\u00e9digr\u00e9e aussi \u00ab smart \u00bb que celles \u00e9nonc\u00e9es plus haut. Mais n\u2019oubliez pas un truc. Dans ce pays, et malgr\u00e9 le fatras canc\u00e9reux de vos pr\u00e9cieuses contributions, demeure et demeurera encore longtemps le peuple des fumeurs de th\u00e9. Et ce peuple de \u00ab kh\u2019ch\u00e8nes \u00bb \u2014 l\u2019autre aurait dit \u00ab kh\u00e9chinistes \u00bb \u2014 n\u2019a qu\u2019une seule id\u00e9e en t\u00eate : rester \u00e9veill\u00e9 et devenir votre cauchemar permanent !<br \/><em><strong>H. L.<\/strong><\/em><\/p>\n<p>Auteur:<br \/>\n<a href=\"https:\/\/www.lesoirdalgerie.com\/pousse-avec-eux\/et-la-prochaine-etape-le-pantalon-et-le-calecon-aux-chevilles-59908\">Cliquez ici pour lire l&rsquo;article depuis sa source.<\/a><\/p>\n","protected":false},"excerpt":{"rendered":"<p>\u00c0 peine d\u00e9sign\u00e9 \u00e0 la t\u00eate de la FAF, le nouveau pr\u00e9sident a d\u00e9clar\u00e9 : avec moi, les Verts passeront un nouveau cap. Ils ne se contenteront plus de gagner. Ils feront un\u2026 \u2026 tabac !\u00a0 D\u2019abord, il faut \u00ab prot\u00e9ger la place de Rachad dans le Hirak \u00bb ; ensuite, \u00ab Moukhabaret Irhabyia ! [&hellip;]<\/p>\n","protected":false},"author":1741,"featured_media":0,"comment_status":"closed","ping_status":"closed","sticky":false,"template":"","format":"standard","meta":{"fifu_image_url":"","fifu_image_alt":"","footnotes":""},"categories":[73,53],"tags":[],"class_list":["post-115265","post","type-post","status-publish","format-standard","hentry","category-actualite","category-algerie"],"_links":{"self":[{"href":"https:\/\/linitiative.ca\/International\/wp-json\/wp\/v2\/posts\/115265","targetHints":{"allow":["GET"]}}],"collection":[{"href":"https:\/\/linitiative.ca\/International\/wp-json\/wp\/v2\/posts"}],"about":[{"href":"https:\/\/linitiative.ca\/International\/wp-json\/wp\/v2\/types\/post"}],"author":[{"embeddable":true,"href":"https:\/\/linitiative.ca\/International\/wp-json\/wp\/v2\/users\/1741"}],"replies":[{"embeddable":true,"href":"https:\/\/linitiative.ca\/International\/wp-json\/wp\/v2\/comments?post=115265"}],"version-history":[{"count":0,"href":"https:\/\/linitiative.ca\/International\/wp-json\/wp\/v2\/posts\/115265\/revisions"}],"wp:attachment":[{"href":"https:\/\/linitiative.ca\/International\/wp-json\/wp\/v2\/media?parent=115265"}],"wp:term":[{"taxonomy":"category","embeddable":true,"href":"https:\/\/linitiative.ca\/International\/wp-json\/wp\/v2\/categories?post=115265"},{"taxonomy":"post_tag","embeddable":true,"href":"https:\/\/linitiative.ca\/International\/wp-json\/wp\/v2\/tags?post=115265"}],"curies":[{"name":"wp","href":"https:\/\/api.w.org\/{rel}","templated":true}]}}