{"id":115266,"date":"2021-04-20T06:00:00","date_gmt":"2021-04-20T10:00:00","guid":{"rendered":"https:\/\/linitiative.ca\/International\/la-porte-sublime-est-un-janus-geopolitique\/"},"modified":"2021-04-20T06:00:00","modified_gmt":"2021-04-20T10:00:00","slug":"la-porte-sublime-est-un-janus-geopolitique","status":"publish","type":"post","link":"https:\/\/linitiative.ca\/International\/la-porte-sublime-est-un-janus-geopolitique\/","title":{"rendered":"La Porte Sublime est un Janus g\u00e9opolitique"},"content":{"rendered":"<p class=\"c3\">Ankara, via un de ses diplomates interrog\u00e9 \u00e0 Alger, sous le sceau de l\u2019anonymat, par Le Jeune Ind\u00e9pendant, a affirm\u00e9 r\u00e9cemment qu\u2019elle \u00ab ne fera rien qui puisse froisser son partenaire de longue date \u00bb. Affirmant que \u00ab nous (Turcs) ne pouvons en aucun cas agir d\u2019une mani\u00e8re qui nuirait aux excellents rapports d\u2019amiti\u00e9 et de coop\u00e9ration entre l\u2019Alg\u00e9rie et la Turquie \u00bb, il a rappel\u00e9 aussi \u00ab le niveau d\u2019excellence des relations entre les Pr\u00e9sidents Abdelmadjid Tebboune et Recep Tayyip Erdogan \u00bb. Ces d\u00e9clarations d\u2019expression des bonnes intentions de la diplomatie turque interviennent pour d\u00e9mentir des informations de presse selon lesquelles des dirigeants du mouvement islamiste s\u00e9ditieux Rachad ont s\u00e9journ\u00e9 en Turquie depuis ao\u00fbt 2020. Le diplomate en question ne dit pas en revanche si ces m\u00eames agitateurs ont effectu\u00e9 ou non, avant cette date, d\u2019autres voyages dans son pays. L\u2019omission volontaire ou pas pose en tout cas des questions essentielles.\u00a0\u00a0<br \/>Cette posture diplomatique ne peut emp\u00eacher en effet de s\u2019interroger sur la relation qu\u2019entretient le r\u00e9gime d\u2019Erdogan avec les islamistes alg\u00e9riens en g\u00e9n\u00e9ral et, en particulier, avec le courant des Fr\u00e8res musulmans qui est proche de la Turquie, pour ne pas dire sous son influence, au m\u00eame titre que le Qatar. Elle n\u2019interdit pas \u00e9galement de questionner le jeu diplomatique ambigu de la Turquie qui s\u2019av\u00e8re \u00eatre un Janus g\u00e9opolitique historique. Car au moment m\u00eame o\u00f9 le diplomate anonyme en poste \u00e0 Alger soulignait, avec force, la qualit\u00e9 suppos\u00e9e exceptionnelle des relations turco-alg\u00e9riennes, des informations, de sources sp\u00e9cialis\u00e9es, indiquent que le groupe de d\u00e9fense Baykar, pilier du complexe militaro-industriel turc et dirig\u00e9 par un gendre d\u2019Erdogan, va fournir aux FAR marocaines un premier lot de 12 drones arm\u00e9s sophistiqu\u00e9s. Pr\u00e9cis\u00e9ment des TB-2 MALE (moyenne altitude longue endurance). Ces drones d\u2019attaque ont d\u00e9montr\u00e9 leur efficacit\u00e9 en Syrie et en Libye o\u00f9 l\u2019arm\u00e9e turque est engag\u00e9e, de m\u00eame qu\u2019\u00e0 travers l\u2019Azerba\u00efdjan qui les a utilis\u00e9s dans son offensive pour reprendre le Haut-Karabakh \u00e0 l\u2019Arm\u00e9nie.<br \/>Ce march\u00e9, qui pourrait \u00eatre suivi d\u2019autres commandes, n\u2019est certes pas susceptible de bouleverser l\u2019\u00e9quilibre des forces militaires avec l\u2019Alg\u00e9rie. Il intervient cependant dans un contexte g\u00e9opolitique r\u00e9gional marqu\u00e9 notamment par l\u2019utilisation r\u00e9cente d\u2019un drone isra\u00e9lien par les FAR, et avec l\u2019assistance technique d\u2019experts de l\u2019\u00c9tat h\u00e9breux, pour tuer un haut dirigeant militaire du Front Polisario. Il est en m\u00eame temps le signal subliminal d\u2019un discret rapprochement militaire entre Rabat et Ankara, alors m\u00eame que les int\u00e9r\u00eats turcs en Alg\u00e9rie d\u00e9passent de loin, en volume et en diversit\u00e9, les \u00e9changes turco-marocains. 1200 entreprises turques sont actives en Alg\u00e9rie o\u00f9 Ankara est depuis 2017 le premier investisseur \u00e9tranger hors hydrocarbures et le troisi\u00e8me client derri\u00e8re la France et l\u2019Italie, selon l\u2019ambassadrice turque \u00e0 Alger, Mme Mahinur Ozdemir Goktas, cit\u00e9e par la presse. A titre politique et symbolique, Erdogan est le premier chef d\u2019\u00c9tat \u00e9tranger \u00e0 visiter l\u2019Alg\u00e9rie au lendemain m\u00eame de l\u2019\u00e9lection du Pr\u00e9sident Tebboune. Alors que sa visite au Maroc, en qualit\u00e9 de Premier ministre, remonte \u00e0 2013, et sans \u00eatre re\u00e7u par le roi.\u00a0<br \/>Si elles sont aujourd\u2019hui des liens denses sur le plan \u00e9conomique, les relations entre Alger et Ankara ne sont toutefois pas de m\u00eame qualit\u00e9 sur le plan diplomatique. Parfois caract\u00e9ris\u00e9es par des interventions intempestives de la diplomatie d\u2019Erdogan dans le domaine de la souverainet\u00e9 m\u00e9morielle de l\u2019Alg\u00e9rie. Comme lorsque le ma\u00eetre d\u2019Ankara se m\u00eale lui-m\u00eame du contentieux m\u00e9moriel entre l\u2019Alg\u00e9rie et la France, pour embarrasser la France chaque fois qu\u2019il y a de l\u2019eau dans le gaz entre Turcs et Fran\u00e7ais. Ce fut le cas en f\u00e9vrier dernier lorsque le Pr\u00e9sident Tebboune avait recadr\u00e9 son homologue turc qui avait fait fuiter des \u00e9changes confidentiels entre eux \u00e0 propos de la colonisation fran\u00e7aise. Des propos sortis de leur contexte pour mieux \u00eatre exploit\u00e9s contre la France. Autre exemple : en 2012, la pol\u00e9mique sur la p\u00e9nalisation du g\u00e9nocide arm\u00e9nien enfle. Furieux du vote des d\u00e9put\u00e9s fran\u00e7ais, Erdogan d\u00e9nonce les \u00ab crimes de masses \u00bb de l\u2019arm\u00e9e coloniale en Alg\u00e9rie. Quelques jours plus tard, son homologue alg\u00e9rien, Ahmed Ouyahia, charge la Turquie : \u00ab Personne n\u2019a le droit de faire du sang des Alg\u00e9riens un fonds de commerce .\u00bb Et Ouyahia de convoquer justement l\u2019histoire de la guerre d\u2019ind\u00e9pendance pour rappeler que la Turquie a g\u00e9n\u00e9ralement vot\u00e9 contre l\u2019Alg\u00e9rie en lutte \u00e0 l\u2019ONU ou s\u2019est abstenue. Se rangeant donc du c\u00f4t\u00e9 de la France, sauf en 1960 o\u00f9 elle a autoris\u00e9 l\u2019ouverture d\u2019un bureau du FLN \u00e0 Ankara, \u00e0 la faveur de la prise du pouvoir par l\u2019arm\u00e9e k\u00e9maliste. Ou encore lorsqu\u2019elle a livr\u00e9 en 1957 et en 1959, via l\u2019arm\u00e9e libyenne, deux lots d\u2019armes \u00e0 l\u2019ALN, selon des archives fran\u00e7aises (fusils, mitrailleuses, mortiers). Mais en 1961, le gouvernement d\u2019Ismet In\u00f6n\u00fc, l\u2019ancien bras droit d\u2019Atat\u00fcrk, refuse de reconna\u00eetre le GPRA !\u00a0<br \/>Ces deux \u00e9pisodes de l\u2019exploitation politique du contentieux m\u00e9moriel alg\u00e9ro-fran\u00e7ais sont deux autres illustrations de la bivalence diplomatique et de la duplicit\u00e9 historique de la Turquie. Ancien pays la\u00efque devenu islamiste, la Turquie est incarn\u00e9e ainsi par un Erdogan qui arbore un visage digne du Fran\u00e7ais Lafayette que Chateaubriand voyait comme une esp\u00e8ce de monomane et de dieu avec une t\u00eate \u00e0 deux visages oppos\u00e9s : \u00ab Royaliste, il renversa en 1789 la royaut\u00e9, r\u00e9publicain il cr\u00e9a en 1830 la royaut\u00e9 des barricades (\u2026) ; la libert\u00e9 l\u2019invoque \u00e0 Washington, l\u2019anarchie \u00e0 Paris .\u00bb Cette face janusienne de la Turquie d\u2019Erdogan, on la retrouve, d\u2019autre part, dans les rapports avec Isra\u00ebl. La Turquie, qui a reconnu l\u2019\u00c9tat sioniste d\u00e8s 1949, et qui a sign\u00e9 en 1996 un partenariat strat\u00e9gique avec Tel-Aviv, fond\u00e9 notamment sur un trait\u00e9 de coop\u00e9ration militaire et technique \u00e9troite, suivi d\u2019un accord de libre-\u00e9change la m\u00eame ann\u00e9e, s\u2019agite beaucoup quand il est question d\u2019exprimer de l\u2019empathie ou de la sympathie avec la cause palestinienne. Il s\u2019agit l\u00e0 d\u2019une diplomatie de l\u2019affect qui n\u2019a jamais incit\u00e9 Ankara \u00e0 geler ou \u00e0 rompre ses relations diplomatiques avec Tel-Aviv. Encore moins de d\u00e9noncer les accords militaires et \u00e9conomiques strat\u00e9giques entre les deux pays qui continuent de coop\u00e9rer de plus belle.\u00a0<br \/>\u00ab Il y a tr\u00e8s loin de la vell\u00e9it\u00e9 \u00e0 la volont\u00e9, de la volont\u00e9 \u00e0 la r\u00e9solution, de la r\u00e9solution au choix des moyens, du choix des moyens \u00e0 l&rsquo;application \u00bb, disait Jean-Fran\u00e7ois Paul de Gondi, cardinal de Retz, homme d\u2019\u00c9tat, homme d\u2019Eglise et homme de lettres fran\u00e7ais du 17\u00e8me si\u00e8cle. Qui a dit par ailleurs que \u00ab l\u2019on ne sort de l\u2019ambigu\u00eft\u00e9 qu\u2019\u00e0 ses d\u00e9pens \u00bb !\u00a0<br \/><em><strong>N. K.\u00a0<\/strong><\/em><\/p>\n<p>Auteur:<br \/>\n<a href=\"https:\/\/www.lesoirdalgerie.com\/point-virgule\/la-porte-sublime-est-un-janus-geopolitique-59907\">Cliquez ici pour lire l&rsquo;article depuis sa source.<\/a><\/p>\n","protected":false},"excerpt":{"rendered":"<p>Ankara, via un de ses diplomates interrog\u00e9 \u00e0 Alger, sous le sceau de l\u2019anonymat, par Le Jeune Ind\u00e9pendant, a affirm\u00e9 r\u00e9cemment qu\u2019elle \u00ab ne fera rien qui puisse froisser son partenaire de longue date \u00bb. Affirmant que \u00ab nous (Turcs) ne pouvons en aucun cas agir d\u2019une mani\u00e8re qui nuirait aux excellents rapports d\u2019amiti\u00e9 et [&hellip;]<\/p>\n","protected":false},"author":1741,"featured_media":0,"comment_status":"closed","ping_status":"closed","sticky":false,"template":"","format":"standard","meta":{"fifu_image_url":"","fifu_image_alt":"","footnotes":""},"categories":[73,53],"tags":[],"class_list":["post-115266","post","type-post","status-publish","format-standard","hentry","category-actualite","category-algerie"],"_links":{"self":[{"href":"https:\/\/linitiative.ca\/International\/wp-json\/wp\/v2\/posts\/115266","targetHints":{"allow":["GET"]}}],"collection":[{"href":"https:\/\/linitiative.ca\/International\/wp-json\/wp\/v2\/posts"}],"about":[{"href":"https:\/\/linitiative.ca\/International\/wp-json\/wp\/v2\/types\/post"}],"author":[{"embeddable":true,"href":"https:\/\/linitiative.ca\/International\/wp-json\/wp\/v2\/users\/1741"}],"replies":[{"embeddable":true,"href":"https:\/\/linitiative.ca\/International\/wp-json\/wp\/v2\/comments?post=115266"}],"version-history":[{"count":0,"href":"https:\/\/linitiative.ca\/International\/wp-json\/wp\/v2\/posts\/115266\/revisions"}],"wp:attachment":[{"href":"https:\/\/linitiative.ca\/International\/wp-json\/wp\/v2\/media?parent=115266"}],"wp:term":[{"taxonomy":"category","embeddable":true,"href":"https:\/\/linitiative.ca\/International\/wp-json\/wp\/v2\/categories?post=115266"},{"taxonomy":"post_tag","embeddable":true,"href":"https:\/\/linitiative.ca\/International\/wp-json\/wp\/v2\/tags?post=115266"}],"curies":[{"name":"wp","href":"https:\/\/api.w.org\/{rel}","templated":true}]}}