{"id":115267,"date":"2021-04-20T06:00:00","date_gmt":"2021-04-20T10:00:00","guid":{"rendered":"https:\/\/linitiative.ca\/International\/mecontentement\/"},"modified":"2021-04-20T06:00:00","modified_gmt":"2021-04-20T10:00:00","slug":"mecontentement","status":"publish","type":"post","link":"https:\/\/linitiative.ca\/International\/mecontentement\/","title":{"rendered":"M\u00e9contentement"},"content":{"rendered":"<div readability=\"38.540145985401\"><a href=\"\/actualites\/le-front-anti-rachad-se-consolide-59942\"><\/p>\n<div class=\"image\"><img class=\"lazy\" data-original=\"\/data\/images\/article\/thumbs\/ls-59942le-front-anti-rachad-se-consolide-9bdc1.jpg\"\/><\/p>\n<p><span>1<\/span><\/p>\n<\/div>\n<p><\/a><\/p>\n<p class=\"type-date\"><span>Actualit\u00e9s<\/span> 11:00 | 20-04-2021<\/p>\n<p><a href=\"\/actualites\/le-front-anti-rachad-se-consolide-59942\"><\/p>\n<h5 class=\"first-title\">L\u2019ORGANISATION TERRORISTE DE PLUS EN PLUS ISOL\u00c9E<\/h5>\n<p><\/a> <a href=\"\/actualites\/le-front-anti-rachad-se-consolide-59942\"><\/p>\n<h5 class=\"title\">Le front anti-Rachad se consolide<\/h5>\n<p><\/a><\/p>\n<p class=\"text\">Au cours de ces trois derniers jours, l\u2019on a vu, en effet, une action initi\u00e9e par un groupe d\u2019avocats du barreau d\u2019Alger en vue de radicaliser les positions alg\u00e9riennes \u00e0 l\u2019\u00e9gard de cette organisation jug\u00e9e dangereuse pour la stabilit\u00e9 du pays et qui a surtout tent\u00e9 de se greffer du mieux qu\u2019elle le pouvait au mouvement populaire \u00e0 la recherche d\u2019un changement qualitatif dans le pays. Ces avocats, ils sont quatre, ont saisi, comme on le sait, le garde des Sceaux lui demandant de qualifier Rachad de groupe terroriste en mettant en action les<\/p>\n<\/div>\n<div readability=\"32.553333333333\"><a href=\"\/actualites\/ce-qui-va-changer-59742\"><\/p>\n<div class=\"image\"><img class=\"lazy\" data-original=\"\/data\/images\/article\/thumbs\/ls-ce-qui-va-changer-8f04d.jpg\"\/><\/p>\n<p><span>2<\/span><\/p>\n<\/div>\n<p><\/a><\/p>\n<p class=\"type-date\"><span>Actualit\u00e9s<\/span> 11:00 | 17-04-2021<\/p>\n<p><a href=\"\/actualites\/ce-qui-va-changer-59742\"><\/p>\n<h5 class=\"first-title\">IMPORTATION DE V\u00c9HICULES<\/h5>\n<p><\/a> <a href=\"\/actualites\/ce-qui-va-changer-59742\"><\/p>\n<h5 class=\"title\">Ce qui va changer<\/h5>\n<p><\/a><\/p>\n<p class=\"text\">D\u00e9cri\u00e9 d\u00e8s sa promulgation en ao\u00fbt 2020, par les professionnels, le cahier des charges relatif \u00e0 l\u2019activit\u00e9 de concessionnaire automobile a finalement subi des modifications dans le but de corriger quelques-unes des<\/p>\n<\/div>\n<p>Auteur:<br \/>\n<a href=\"https:\/\/www.lesoirdalgerie.com\/periscoop\/mecontentement-59906\">Cliquez ici pour lire l&rsquo;article depuis sa source.<\/a><\/p>\n","protected":false},"excerpt":{"rendered":"<p>1 Actualit\u00e9s 11:00 | 20-04-2021 L\u2019ORGANISATION TERRORISTE DE PLUS EN PLUS ISOL\u00c9E Le front anti-Rachad se consolide Au cours de ces trois derniers jours, l\u2019on a vu, en effet, une action initi\u00e9e par un groupe d\u2019avocats du barreau d\u2019Alger en vue de radicaliser les positions alg\u00e9riennes \u00e0 l\u2019\u00e9gard de cette organisation jug\u00e9e dangereuse pour la [&hellip;]<\/p>\n","protected":false},"author":1741,"featured_media":0,"comment_status":"closed","ping_status":"closed","sticky":false,"template":"","format":"standard","meta":{"fifu_image_url":"","fifu_image_alt":"","footnotes":""},"categories":[73,53],"tags":[],"class_list":["post-115267","post","type-post","status-publish","format-standard","hentry","category-actualite","category-algerie"],"_links":{"self":[{"href":"https:\/\/linitiative.ca\/International\/wp-json\/wp\/v2\/posts\/115267","targetHints":{"allow":["GET"]}}],"collection":[{"href":"https:\/\/linitiative.ca\/International\/wp-json\/wp\/v2\/posts"}],"about":[{"href":"https:\/\/linitiative.ca\/International\/wp-json\/wp\/v2\/types\/post"}],"author":[{"embeddable":true,"href":"https:\/\/linitiative.ca\/International\/wp-json\/wp\/v2\/users\/1741"}],"replies":[{"embeddable":true,"href":"https:\/\/linitiative.ca\/International\/wp-json\/wp\/v2\/comments?post=115267"}],"version-history":[{"count":0,"href":"https:\/\/linitiative.ca\/International\/wp-json\/wp\/v2\/posts\/115267\/revisions"}],"wp:attachment":[{"href":"https:\/\/linitiative.ca\/International\/wp-json\/wp\/v2\/media?parent=115267"}],"wp:term":[{"taxonomy":"category","embeddable":true,"href":"https:\/\/linitiative.ca\/International\/wp-json\/wp\/v2\/categories?post=115267"},{"taxonomy":"post_tag","embeddable":true,"href":"https:\/\/linitiative.ca\/International\/wp-json\/wp\/v2\/tags?post=115267"}],"curies":[{"name":"wp","href":"https:\/\/api.w.org\/{rel}","templated":true}]}}