{"id":115269,"date":"2021-04-20T06:00:00","date_gmt":"2021-04-20T10:00:00","guid":{"rendered":"https:\/\/linitiative.ca\/International\/naima-ababsa\/"},"modified":"2021-04-20T06:00:00","modified_gmt":"2021-04-20T10:00:00","slug":"naima-ababsa","status":"publish","type":"post","link":"https:\/\/linitiative.ca\/International\/naima-ababsa\/","title":{"rendered":"Na\u00efma Ababsa"},"content":{"rendered":"<p class=\"c3\">Dans le deuil de la perte de la chanteuse Na\u00efma Ababsa, il y a quelque chose qui fait chaud au c\u0153ur, c&rsquo;est l&rsquo;hommage qui lui est rendu. Comme quoi, quand on \u0153uvre \u00e0 promouvoir le patrimoine populaire, on finit toujours par entrer dans le c\u0153ur des gens. Paix \u00e0 son \u00e2me et condol\u00e9ances aux siens !<br \/><em><strong>A. T.<\/strong><\/em><\/p>\n<p>Auteur:<br \/>\n<a href=\"https:\/\/www.lesoirdalgerie.com\/digoutage\/naima-ababsa-59904\">Cliquez ici pour lire l&rsquo;article depuis sa source.<\/a><\/p>\n","protected":false},"excerpt":{"rendered":"<p>Dans le deuil de la perte de la chanteuse Na\u00efma Ababsa, il y a quelque chose qui fait chaud au c\u0153ur, c&rsquo;est l&rsquo;hommage qui lui est rendu. Comme quoi, quand on \u0153uvre \u00e0 promouvoir le patrimoine populaire, on finit toujours par entrer dans le c\u0153ur des gens. Paix \u00e0 son \u00e2me et condol\u00e9ances aux siens [&hellip;]<\/p>\n","protected":false},"author":1741,"featured_media":0,"comment_status":"closed","ping_status":"closed","sticky":false,"template":"","format":"standard","meta":{"fifu_image_url":"","fifu_image_alt":"","footnotes":""},"categories":[73,53],"tags":[],"class_list":["post-115269","post","type-post","status-publish","format-standard","hentry","category-actualite","category-algerie"],"_links":{"self":[{"href":"https:\/\/linitiative.ca\/International\/wp-json\/wp\/v2\/posts\/115269","targetHints":{"allow":["GET"]}}],"collection":[{"href":"https:\/\/linitiative.ca\/International\/wp-json\/wp\/v2\/posts"}],"about":[{"href":"https:\/\/linitiative.ca\/International\/wp-json\/wp\/v2\/types\/post"}],"author":[{"embeddable":true,"href":"https:\/\/linitiative.ca\/International\/wp-json\/wp\/v2\/users\/1741"}],"replies":[{"embeddable":true,"href":"https:\/\/linitiative.ca\/International\/wp-json\/wp\/v2\/comments?post=115269"}],"version-history":[{"count":0,"href":"https:\/\/linitiative.ca\/International\/wp-json\/wp\/v2\/posts\/115269\/revisions"}],"wp:attachment":[{"href":"https:\/\/linitiative.ca\/International\/wp-json\/wp\/v2\/media?parent=115269"}],"wp:term":[{"taxonomy":"category","embeddable":true,"href":"https:\/\/linitiative.ca\/International\/wp-json\/wp\/v2\/categories?post=115269"},{"taxonomy":"post_tag","embeddable":true,"href":"https:\/\/linitiative.ca\/International\/wp-json\/wp\/v2\/tags?post=115269"}],"curies":[{"name":"wp","href":"https:\/\/api.w.org\/{rel}","templated":true}]}}