{"id":115271,"date":"2021-04-20T07:06:20","date_gmt":"2021-04-20T11:06:20","guid":{"rendered":"https:\/\/linitiative.ca\/International\/coronavirus-le-comite-durgence-de-loms-defavorable-au-passeport-vaccinal\/"},"modified":"2021-04-20T07:06:20","modified_gmt":"2021-04-20T11:06:20","slug":"coronavirus-le-comite-durgence-de-loms-defavorable-au-passeport-vaccinal","status":"publish","type":"post","link":"https:\/\/linitiative.ca\/International\/coronavirus-le-comite-durgence-de-loms-defavorable-au-passeport-vaccinal\/","title":{"rendered":"Coronavirus : le comit\u00e9 d\u2019urgence de l\u2019OMS d\u00e9favorable au passeport vaccinal"},"content":{"rendered":"<p><strong>Le comit\u00e9 d\u2019urgence de l\u2019Organisation mondiale de la sant\u00e9 (OMS) se d\u00e9clare d\u00e9favorable \u00e0 la mise en place d\u2019un\u00a0passeport vaccinal obligatoire pour les voyageurs internationaux, m\u00eame si la pratique semble s\u00e9duire.<\/strong><\/p>\n<div class=\"c10\">\n<\/div>\n<p>La septi\u00e8me r\u00e9union du comit\u00e9 d\u2019urgence de l\u2019OMS concernant le coronavirus s\u2019est tenue le 15 avril, mais ses conclusions n\u2019ont \u00e9t\u00e9 publi\u00e9es que lundi. Dans un communiqu\u00e9, les experts, charg\u00e9s de guider le chef de l\u2019OMS, recommandent de \u00ab\u00a0ne pas exiger de preuve de vaccination comme condition d\u2019entr\u00e9e\u00a0\u00bb pour les voyageurs internationaux \u00ab\u00a0\u00e9tant donn\u00e9 les preuves limit\u00e9es (bien que croissantes) concernant la performance des vaccins sur la r\u00e9duction de la transmission et \u00e9tant donn\u00e9 l\u2019in\u00e9galit\u00e9 persistante en mati\u00e8re de distribution mondiale des vaccins\u00a0\u00bb.<\/p>\n<p>\u00ab\u00a0Les Etats parties sont vivement encourag\u00e9s \u00e0 reconna\u00eetre que l\u2019exigence d\u2019une preuve de vaccination peut aggraver les in\u00e9galit\u00e9s et favoriser une libert\u00e9 de circulation diff\u00e9renci\u00e9e\u00a0\u00bb, \u00e9crivent-ils.<\/p>\n<p><strong>Lire aussi|\u00a0<a href=\"https:\/\/www.challenge.ma\/mohammadin-boubekri-president-de-lordre-des-medecins-nous-navons-aucune-reserve-pour-le-recrutement-de-medecins-etrangers-sauf-une-182083\/\">Mohammadin Boubekri, pr\u00e9sident de l\u2019Ordre des m\u00e9decins : \u00ab Nous n\u2019avons aucune r\u00e9serve pour le recrutement de m\u00e9decins \u00e9trangers sauf une \u00bb<\/a><\/strong><\/p>\n<p>Cet appel intervient alors que de nombreux pays sont en train de r\u00e9fl\u00e9chir \u00e0 la mise en place d\u2019un passeport sanitaire pour les voyages, mais aussi pour d\u2019autres activit\u00e9s, notamment sportives, m\u00eame si cette id\u00e9e suscite de vives critiques et des inqui\u00e9tudes concernant de possibles discriminations et la protection des donn\u00e9es priv\u00e9es.<\/p>\n<p>L\u2019Union europ\u00e9enne notamment a pr\u00e9sent\u00e9 son projet \u00e0 ce sujet, la Chine a d\u00e9j\u00e0 lanc\u00e9 sa version, tandis que les compagnies a\u00e9riennes y travaillent \u00e9galement. Aux Etats-Unis, la Maison Blanche a affirm\u00e9 d\u00e9but avril qu\u2019elle n\u2019imposerait pas de passeport sanitaire, tout en soulignant que le secteur priv\u00e9 \u00e9tait libre d\u2019avancer vers cette id\u00e9e.<\/p>\n<p>Lors de leur r\u00e9union, les experts du comit\u00e9 d\u2019urgence de l\u2019OMS se sont pench\u00e9s sur d\u2019autres sujets, et demandent notamment \u00e0 l\u2019OMS d&rsquo;\u00a0\u00bbacc\u00e9l\u00e9rer l\u2019\u00e9valuation des candidats-vaccins contre le Covid-19\u2033. L\u2019OMS a pour l\u2019heure seulement homologu\u00e9 le vaccin de Pfizer-BioNTech, celui d\u2019AstraZeneca-Oxford fabriqu\u00e9 en Inde et en Cor\u00e9e du sud et celui de Johnson et Johnson.<\/p>\n<p>Le comit\u00e9 d\u2019urgence de l\u2019OMS appelle l\u2019organisation \u00e0 poursuivre rapidement les recherches sur l\u2019origine du virus, et demande que la r\u00e9glementation des march\u00e9s vendant des animaux soit renforc\u00e9e. Ils demandent aussi que la vente et l\u2019importation d\u2019animaux sauvages qui pr\u00e9sentent un risque \u00e9lev\u00e9 de transmission \u2013 \u00e0 l\u2019homme \u2013 de nouveaux agents pathog\u00e8nes soient d\u00e9courag\u00e9es.<\/p>\n<p><strong>Lire aussi|\u00a0<a href=\"https:\/\/www.challenge.ma\/brahim-chammar-directeur-general-delegue-de-fenie-brossette-fenie-brossette-a-decide-dinvestir-dans-deux-secteurs-181947\/\">Brahim Chammar, Directeur g\u00e9n\u00e9ral d\u00e9l\u00e9gu\u00e9 de Fenie Brossette : \u00ab Nous avons d\u00e9cid\u00e9 d\u2019investir dans deux secteurs \u00bb<\/a><\/strong><\/p>\n<p>Avec AFP<\/p>\n<p>Auteur: challenge<br \/>\n<a href=\"https:\/\/www.challenge.ma\/coronavirus-le-comite-durgence-de-loms-defavorable-au-passeport-vaccinal-182124\/\">Cliquez ici pour lire l&rsquo;article depuis sa source.<\/a><\/p>\n","protected":false},"excerpt":{"rendered":"<p>Le comit\u00e9 d\u2019urgence de l\u2019Organisation mondiale de la sant\u00e9 (OMS) se d\u00e9clare d\u00e9favorable \u00e0 la mise en place d\u2019un\u00a0passeport vaccinal obligatoire pour les voyageurs internationaux, m\u00eame si la pratique semble s\u00e9duire. La septi\u00e8me r\u00e9union du comit\u00e9 d\u2019urgence de l\u2019OMS concernant le coronavirus s\u2019est tenue le 15 avril, mais ses conclusions n\u2019ont \u00e9t\u00e9 publi\u00e9es que lundi. [&hellip;]<\/p>\n","protected":false},"author":1787,"featured_media":0,"comment_status":"closed","ping_status":"closed","sticky":false,"template":"","format":"standard","meta":{"fifu_image_url":"","fifu_image_alt":"","footnotes":""},"categories":[78,54],"tags":[],"class_list":["post-115271","post","type-post","status-publish","format-standard","hentry","category-economie","category-maroc"],"_links":{"self":[{"href":"https:\/\/linitiative.ca\/International\/wp-json\/wp\/v2\/posts\/115271","targetHints":{"allow":["GET"]}}],"collection":[{"href":"https:\/\/linitiative.ca\/International\/wp-json\/wp\/v2\/posts"}],"about":[{"href":"https:\/\/linitiative.ca\/International\/wp-json\/wp\/v2\/types\/post"}],"author":[{"embeddable":true,"href":"https:\/\/linitiative.ca\/International\/wp-json\/wp\/v2\/users\/1787"}],"replies":[{"embeddable":true,"href":"https:\/\/linitiative.ca\/International\/wp-json\/wp\/v2\/comments?post=115271"}],"version-history":[{"count":0,"href":"https:\/\/linitiative.ca\/International\/wp-json\/wp\/v2\/posts\/115271\/revisions"}],"wp:attachment":[{"href":"https:\/\/linitiative.ca\/International\/wp-json\/wp\/v2\/media?parent=115271"}],"wp:term":[{"taxonomy":"category","embeddable":true,"href":"https:\/\/linitiative.ca\/International\/wp-json\/wp\/v2\/categories?post=115271"},{"taxonomy":"post_tag","embeddable":true,"href":"https:\/\/linitiative.ca\/International\/wp-json\/wp\/v2\/tags?post=115271"}],"curies":[{"name":"wp","href":"https:\/\/api.w.org\/{rel}","templated":true}]}}