{"id":115272,"date":"2021-04-20T07:29:57","date_gmt":"2021-04-20T11:29:57","guid":{"rendered":"https:\/\/linitiative.ca\/International\/tchad-le-president-idriss-deby-itno-tue-au-front\/"},"modified":"2021-04-20T07:29:57","modified_gmt":"2021-04-20T11:29:57","slug":"tchad-le-president-idriss-deby-itno-tue-au-front","status":"publish","type":"post","link":"https:\/\/linitiative.ca\/International\/tchad-le-president-idriss-deby-itno-tue-au-front\/","title":{"rendered":"Tchad : le pr\u00e9sident Idriss D\u00e9by Itno tu\u00e9 au front"},"content":{"rendered":"<p><strong>Le Chef d\u2019Etat tchadien, Idriss D\u00e9by Itno, est d\u00e9c\u00e9d\u00e9 ce mardi 20 avril. Il a \u00e9t\u00e9 tu\u00e9 au front selon le porte-parole de l\u2019arm\u00e9e tchadienne, le g\u00e9n\u00e9ral Azem Bermandoa Agouna.<\/strong><\/p>\n<div class=\"c10\">\n<\/div>\n<p>\u00ab\u00a0Le pr\u00e9sident de la r\u00e9publique, chef de l\u2019Etat, chef supr\u00eame des arm\u00e9es, Idriss D\u00e9by Itno, vient de conna\u00eetre son dernier souffle en d\u00e9fendant l\u2019int\u00e9grit\u00e9 territoriale sur le champ de bataille. C\u2019est avec une profonde amertume que nous annon\u00e7ons au peuple tchadien le d\u00e9c\u00e8s ce mardi 20 avril 2021 du mar\u00e9chal du Tchad\u00a0\u00bb, a annonc\u00e9 le porte-parole de l\u2019arm\u00e9e, le g\u00e9n\u00e9ral Azem Bermandoa Agouna, dans un communiqu\u00e9 lu \u00e0 l\u2019antenne de TV Tchad. On apprend aussi que \u00ab\u00a0le d\u00e9funt pr\u00e9sident sera remplac\u00e9 par un conseil militaire dirig\u00e9 par son fils\u00a0\u00bb. Pour rappel, Idriss D\u00e9by Itno venait d\u2019\u00eatre r\u00e9\u00e9lu pour un nouveau mandat, avec pr\u00e8s 80% des suffrages exprim\u00e9s.<\/p>\n<p><strong>Lire aussi| <a href=\"https:\/\/www.challenge.ma\/coronavirus-le-comite-durgence-de-loms-defavorable-au-passeport-vaccinal-182124\/\">Coronavirus : le comit\u00e9 d\u2019urgence de l\u2019OMS d\u00e9favorable au passeport vaccinal<\/a><\/strong><\/p>\n<p>Auteur: challenge<br \/>\n<a href=\"https:\/\/www.challenge.ma\/tchad-le-president-idriss-deby-itno-tue-au-front-182136\/\">Cliquez ici pour lire l&rsquo;article depuis sa source.<\/a><\/p>\n","protected":false},"excerpt":{"rendered":"<p>Le Chef d\u2019Etat tchadien, Idriss D\u00e9by Itno, est d\u00e9c\u00e9d\u00e9 ce mardi 20 avril. Il a \u00e9t\u00e9 tu\u00e9 au front selon le porte-parole de l\u2019arm\u00e9e tchadienne, le g\u00e9n\u00e9ral Azem Bermandoa Agouna. \u00ab\u00a0Le pr\u00e9sident de la r\u00e9publique, chef de l\u2019Etat, chef supr\u00eame des arm\u00e9es, Idriss D\u00e9by Itno, vient de conna\u00eetre son dernier souffle en d\u00e9fendant l\u2019int\u00e9grit\u00e9 territoriale [&hellip;]<\/p>\n","protected":false},"author":1787,"featured_media":0,"comment_status":"closed","ping_status":"closed","sticky":false,"template":"","format":"standard","meta":{"fifu_image_url":"","fifu_image_alt":"","footnotes":""},"categories":[78,54],"tags":[],"class_list":["post-115272","post","type-post","status-publish","format-standard","hentry","category-economie","category-maroc"],"_links":{"self":[{"href":"https:\/\/linitiative.ca\/International\/wp-json\/wp\/v2\/posts\/115272","targetHints":{"allow":["GET"]}}],"collection":[{"href":"https:\/\/linitiative.ca\/International\/wp-json\/wp\/v2\/posts"}],"about":[{"href":"https:\/\/linitiative.ca\/International\/wp-json\/wp\/v2\/types\/post"}],"author":[{"embeddable":true,"href":"https:\/\/linitiative.ca\/International\/wp-json\/wp\/v2\/users\/1787"}],"replies":[{"embeddable":true,"href":"https:\/\/linitiative.ca\/International\/wp-json\/wp\/v2\/comments?post=115272"}],"version-history":[{"count":0,"href":"https:\/\/linitiative.ca\/International\/wp-json\/wp\/v2\/posts\/115272\/revisions"}],"wp:attachment":[{"href":"https:\/\/linitiative.ca\/International\/wp-json\/wp\/v2\/media?parent=115272"}],"wp:term":[{"taxonomy":"category","embeddable":true,"href":"https:\/\/linitiative.ca\/International\/wp-json\/wp\/v2\/categories?post=115272"},{"taxonomy":"post_tag","embeddable":true,"href":"https:\/\/linitiative.ca\/International\/wp-json\/wp\/v2\/tags?post=115272"}],"curies":[{"name":"wp","href":"https:\/\/api.w.org\/{rel}","templated":true}]}}