{"id":115273,"date":"2021-04-20T08:42:49","date_gmt":"2021-04-20T12:42:49","guid":{"rendered":"https:\/\/linitiative.ca\/International\/blanchiment-de-capitaux-le-projet-de-loi-relatif-a-la-reforme-du-systeme-de-controle-adopte-en-commission\/"},"modified":"2021-04-20T08:42:49","modified_gmt":"2021-04-20T12:42:49","slug":"blanchiment-de-capitaux-le-projet-de-loi-relatif-a-la-reforme-du-systeme-de-controle-adopte-en-commission","status":"publish","type":"post","link":"https:\/\/linitiative.ca\/International\/blanchiment-de-capitaux-le-projet-de-loi-relatif-a-la-reforme-du-systeme-de-controle-adopte-en-commission\/","title":{"rendered":"Blanchiment de capitaux :  le projet de loi relatif \u00e0 la r\u00e9forme du syst\u00e8me de contr\u00f4le adopt\u00e9 en commission"},"content":{"rendered":"<p><strong>La commission de la justice, de la l\u00e9gislation et des droits de l\u2019homme \u00e0 la Chambre des repr\u00e9sentants a r\u00e9cemment adopt\u00e9 \u00e0 l\u2019unanimit\u00e9, le projet de loi n\u00b0 12.18 modifiant et compl\u00e9tant le Code p\u00e9nal et la loi n\u00b0 43.05 relative \u00e0 la lutte contre le blanchiment des capitaux.<br \/><\/strong><br \/>Pr\u00e9sent\u00e9 par le ministre de la Justice Mohamed Benabdelkader, le texte s\u2019inscrit dans le cadre des efforts du Maroc visant \u00e0 renforcer le syst\u00e8me judiciaire national en mati\u00e8re de lutte contre le blanchiment des capitaux et le financement du terrorisme.<\/p>\n<div class=\"c10\">\n<\/div>\n<p><strong>Lire aussi| <a href=\"https:\/\/www.challenge.ma\/agriculture-vers-une-augmentation-des-droits-de-douanes-sur-le-ble-tendre-et-le-ble-dur-182101\/\">Agriculture : vers une augmentation des droits de douanes sur le bl\u00e9 tendre et le bl\u00e9 dur<\/a><\/strong><\/p>\n<p>Notons qu\u2019il vise \u00e9galement \u00e0 adapter ledit syst\u00e8me aux normes internationales adopt\u00e9es par le Groupe d\u2019action financi\u00e8re dans ce domaine et rem\u00e9dier aux carences contenues dans les textes actuels, notamment celles relev\u00e9es dans le rapport d\u2019\u00e9valuation mutuelle. On apprend aussi qu\u2019une s\u00e9ance pl\u00e9ni\u00e8re est pr\u00e9vue, mardi 20 avril, \u00e0 la chambre des repr\u00e9sentants consacr\u00e9e au vote de textes l\u00e9gislatifs fin pr\u00eats, dont celui relatif au blanchiment des capitaux.<\/p>\n<p><strong>Lire aussi| <a href=\"https:\/\/www.challenge.ma\/brahim-chammar-directeur-general-delegue-de-fenie-brossette-fenie-brossette-a-decide-dinvestir-dans-deux-secteurs-181947\/\">Brahim Chammar, Directeur g\u00e9n\u00e9ral d\u00e9l\u00e9gu\u00e9 de Fenie Brossette : \u00ab Nous avons d\u00e9cid\u00e9 d\u2019investir dans deux secteurs \u00bb<\/a><\/strong><\/p>\n<p>Auteur: challenge<br \/>\n<a href=\"https:\/\/www.challenge.ma\/blanchiment-de-capitaux-le-projet-de-loi-relatif-a-la-reforme-du-systeme-de-controle-adopte-en-commission-182169\/\">Cliquez ici pour lire l&rsquo;article depuis sa source.<\/a><\/p>\n","protected":false},"excerpt":{"rendered":"<p>La commission de la justice, de la l\u00e9gislation et des droits de l\u2019homme \u00e0 la Chambre des repr\u00e9sentants a r\u00e9cemment adopt\u00e9 \u00e0 l\u2019unanimit\u00e9, le projet de loi n\u00b0 12.18 modifiant et compl\u00e9tant le Code p\u00e9nal et la loi n\u00b0 43.05 relative \u00e0 la lutte contre le blanchiment des capitaux.Pr\u00e9sent\u00e9 par le ministre de la Justice [&hellip;]<\/p>\n","protected":false},"author":1787,"featured_media":0,"comment_status":"closed","ping_status":"closed","sticky":false,"template":"","format":"standard","meta":{"fifu_image_url":"","fifu_image_alt":"","footnotes":""},"categories":[78,54],"tags":[],"class_list":["post-115273","post","type-post","status-publish","format-standard","hentry","category-economie","category-maroc"],"_links":{"self":[{"href":"https:\/\/linitiative.ca\/International\/wp-json\/wp\/v2\/posts\/115273","targetHints":{"allow":["GET"]}}],"collection":[{"href":"https:\/\/linitiative.ca\/International\/wp-json\/wp\/v2\/posts"}],"about":[{"href":"https:\/\/linitiative.ca\/International\/wp-json\/wp\/v2\/types\/post"}],"author":[{"embeddable":true,"href":"https:\/\/linitiative.ca\/International\/wp-json\/wp\/v2\/users\/1787"}],"replies":[{"embeddable":true,"href":"https:\/\/linitiative.ca\/International\/wp-json\/wp\/v2\/comments?post=115273"}],"version-history":[{"count":0,"href":"https:\/\/linitiative.ca\/International\/wp-json\/wp\/v2\/posts\/115273\/revisions"}],"wp:attachment":[{"href":"https:\/\/linitiative.ca\/International\/wp-json\/wp\/v2\/media?parent=115273"}],"wp:term":[{"taxonomy":"category","embeddable":true,"href":"https:\/\/linitiative.ca\/International\/wp-json\/wp\/v2\/categories?post=115273"},{"taxonomy":"post_tag","embeddable":true,"href":"https:\/\/linitiative.ca\/International\/wp-json\/wp\/v2\/tags?post=115273"}],"curies":[{"name":"wp","href":"https:\/\/api.w.org\/{rel}","templated":true}]}}