{"id":115276,"date":"2021-04-20T16:04:44","date_gmt":"2021-04-20T20:04:44","guid":{"rendered":"https:\/\/linitiative.ca\/International\/tunisie-les-responsables-du-protocole-a-laeroport-vont-se-rendre-coupables-dun-massacre\/"},"modified":"2021-04-20T16:04:44","modified_gmt":"2021-04-20T20:04:44","slug":"tunisie-les-responsables-du-protocole-a-laeroport-vont-se-rendre-coupables-dun-massacre","status":"publish","type":"post","link":"https:\/\/linitiative.ca\/International\/tunisie-les-responsables-du-protocole-a-laeroport-vont-se-rendre-coupables-dun-massacre\/","title":{"rendered":"Tunisie \u2013 Les responsables du protocole \u00e0 l\u2019a\u00e9roport vont se rendre coupables d\u2019un massacre"},"content":{"rendered":"<div class=\"post-cont-in left relative\">\n<div id=\"post-info-wrap\" class=\"left relative post-info-out\">\n<div class=\"post-info-img left relative\"><img decoding=\"async\" alt=\"\" src=\"https:\/\/secure.gravatar.com\/avatar\/96253f4a657b482a18e837c1252096c2?s=50&amp;d=mm&amp;r=g\" srcset=\"https:\/\/secure.gravatar.com\/avatar\/96253f4a657b482a18e837c1252096c2?s=100&amp;d=mm&amp;r=g 2x\" class=\"avatar avatar-50 photo\" height=\"50\" width=\"50\" loading=\"lazy\"\/><\/div>\n<div class=\"post-info-in\">\n<div class=\"post-info-right left relative post-info-name left relative\"><span><span class=\"post-info-text\">Par<\/span> <span class=\"author-name vcard fn author\"><a href=\"https:\/\/www.tunisienumerique.com\/author\/saber\/\" title=\"Articles par Saber .\" rel=\"author\">Saber .<\/a><\/span><\/span> <span class=\"post-date updated\"><time class=\"post-date updated\" datetime=\"2021-04-20\">\u00a0| Il y a 1 heure<\/time><\/span><br \/>\n<meta itemprop=\"dateModified\" content=\"2021-04-20\"\/><\/div>\n<div class=\"left relative\"><button id=\"listenButton1\" class=\"responsivevoice-button\" type=\"button\" value=\"Play\" title=\"\u00c9coutez l'article\"><span>\ud83d\udd0a \u00c9coutez l&rsquo;article<\/span><\/button>\n<\/div>\n<\/div>\n<\/div>\n<p>On dirait qu\u2019ils vont finir par donner raison au tr\u00e8s controvers\u00e9 docteur Zakaria Bouguira.<\/p>\n<div class=\"code-block code-block-1 c4\">\n <ins class=\"adsbygoogle c3\" data-ad-layout=\"in-article\" data-ad-format=\"fluid\" data-ad-client=\"ca-pub-2102118777505746\" data-ad-slot=\"7301775417\"\/>\n<\/div>\n<p>Il va finir par avoir raison, en ce qui concerne les dizaines de milliers de morts que va compter le pays. Il va avoir raison, on pas parce qu\u2019il a eu une bonne lecture de la situation \u00e9pid\u00e9miologique, ni raison dans son choix des mod\u00e8les et algorithmes qu\u2019il a utilis\u00e9s pour annoncer une h\u00e9catombe. Il va avoir raison parce qu\u2019il a eu une bonne lecture de la comp\u00e9tence de ceux qui veillent sur notre sant\u00e9, et du fonctionnement de leur syst\u00e8me ankylos\u00e9.<\/p>\n<p>Il va avoir raison, car les autorit\u00e9s ont, comme ils l\u2019avaient d\u00e9j\u00e0 fait, l\u2019ann\u00e9e derni\u00e8re, d\u00e9cid\u00e9 la r\u00e9ouverture des fronti\u00e8res devant les vols charters et autres navettes ramenant d\u2019hypoth\u00e9tiques touristes. Et ce, depuis hier, le 19 avril. Sauf que, cette d\u00e9cision dont on n\u2019est pas en train de discuter le bienfond\u00e9, ne semble pas avoir inqui\u00e9t\u00e9, outre mesure, les autorit\u00e9s sanitaires, surtout, celles responsables de l\u2019application du protocole sanitaire au niveau des a\u00e9roports.<\/p>\n<p>Ces autorit\u00e9s semblent compl\u00e8tement indiff\u00e9rentes \u00e0 ce qui se passe, dans les a\u00e9roports, ni \u00e0 l\u2019\u00e9norme risque qu\u2019elles sont en\u00a0 train de faire courir aux tunisiens.<\/p>\n<p>Tout comme l\u2019\u00e9t\u00e9 dernier, ces autorit\u00e9s sont en train de faire la preuve qu\u2019elles sont incapables de pr\u00e9server la sant\u00e9 des tunisiens, et incapables de faire appliquer le moindre protocole pour pr\u00e9venir l\u2019introduction des nouvelles souches hyper virulentes du virus, dans le pays, d\u00e9j\u00e0 meurtri pas les vagues de la pand\u00e9mie qui se succ\u00e8dent.<\/p>\n<p>Ces responsables sont en train de r\u00e9duire \u00e0 n\u00e9ant les efforts de toute une Nation. Les efforts du gouvernement pour g\u00e9rer l\u2019ing\u00e9rable, et les efforts des citoyens qui sont en train de subir de plein fouet les retomb\u00e9es socio \u00e9conomiques de l\u2019\u00e9pid\u00e9mie.<\/p>\n<p>Car, quoiqu\u2019ils soient tent\u00e9s de pr\u00e9tendre, nous avons la preuve que non seulement, on n\u2019a pas renforc\u00e9 les contr\u00f4les sanitaires aux fronti\u00e8res, surtout, avec la reprise des vols des charters, mais, en plus, m\u00eame les anciennes mesures, basiques, de pr\u00e9vention aux fronti\u00e8res mises en places depuis des mois, ne sont plus appliqu\u00e9es.<\/p>\n<p>Le contr\u00f4le sanitaire aux fronti\u00e8res connait, en effet, un rel\u00e2chement total, comme cela nous a \u00e9t\u00e9 confirm\u00e9 par des \u00e9trangers arriv\u00e9s, r\u00e9cemment, en Tunisie et qui assurent qu\u2019on ne leur a, m\u00eame, pas demand\u00e9 de pr\u00e9senter les r\u00e9sultats de leurs tests PCR\u00a0!!!<\/p>\n<p>Sans commentaire, et pauvre de nous, puisque nous devons subir l\u2019ignorance de ceux qui sont sens\u00e9s veiller sur notre sant\u00e9\u00a0!<\/p>\n<div class=\"swp_social_panel swp_horizontal_panel swp_flat_fresh swp_default_full_color swp_individual_full_color swp_other_full_color scale-100 scale-\" data-min-width=\"1100\" data-float-color=\"#ffffff\" data-float=\"bottom\" data-float-mobile=\"bottom\" data-transition=\"slide\">\n<div class=\"nc_tweetContainer swp_share_button total_shares total_sharesalt\"><span class=\"swp_count\">23 <span class=\"swp_label\">Partages<\/span><\/span><\/div>\n<\/div>\n<p><strong>Que se passe-t-il en Tunisie?<\/strong><br \/>Nous expliquons sur notre <a href=\"https:\/\/www.youtube.com\/channel\/UCRzypVq0B_yBad5eGrwBx0Q?sub_confirmation=1\" target=\"_blank\" rel=\"noopener\">cha\u00eene YouTube<\/a> . <a href=\"https:\/\/www.youtube.com\/channel\/UCRzypVq0B_yBad5eGrwBx0Q?sub_confirmation=1\" target=\"_blank\" rel=\"noopener\">Abonnez-vous!<\/a><\/p>\n<div class=\"mvp-org-wrap\" itemprop=\"publisher\">\n<div class=\"mvp-org-logo\" itemprop=\"logo\"><img decoding=\"async\" src=\"https:\/\/www.tunisienumerique.com\/wp-content\/uploads\/2017\/02\/logo_tunisie_numerique.png\"\/><br \/>\n<meta itemprop=\"url\" content=\"https:\/\/www.tunisienumerique.com\/wp-content\/uploads\/2017\/02\/logo_tunisie_numerique.png\"\/><\/div>\n<p><meta content=\"Tunisie\"\/><\/div>\n<div class=\"mvp-related-posts left relative\">\n<h4 class=\"post-header\"><span class=\"post-header\">Lire aussi<\/span><\/h4>\n<\/div>\n<div id=\"article-ad\">\n <ins class=\"adsbygoogle c5\" data-ad-client=\"ca-pub-2102118777505746\" data-ad-slot=\"6513972734\" data-ad-format=\"auto\" data-full-width-responsive=\"true\"\/>\n<\/div>\n<\/div>\n<div id=\"post-sidebar-wrap\">\n <ins class=\"adsbygoogle c5\" data-ad-client=\"ca-pub-2102118777505746\" data-ad-slot=\"6168283410\" data-ad-format=\"auto\" data-full-width-responsive=\"true\"\/>\n<\/div>\n<p>Auteur: Saber .<br \/>\n<a href=\"https:\/\/www.tunisienumerique.com\/tunisie-les-responsables-du-protocole-a-laeroport-vont-se-rendre-coupables-dun-massacre\/\">Cliquez ici pour lire l&rsquo;article depuis sa source.<\/a><\/p>\n","protected":false},"excerpt":{"rendered":"<p>Par Saber . \u00a0| Il y a 1 heure \ud83d\udd0a \u00c9coutez l&rsquo;article On dirait qu\u2019ils vont finir par donner raison au tr\u00e8s controvers\u00e9 docteur Zakaria Bouguira. Il va finir par avoir raison, en ce qui concerne les dizaines de milliers de morts que va compter le pays. Il va avoir raison, on pas parce qu\u2019il [&hellip;]<\/p>\n","protected":false},"author":1789,"featured_media":0,"comment_status":"closed","ping_status":"closed","sticky":false,"template":"","format":"standard","meta":{"fifu_image_url":"https:\/\/secure.gravatar.com\/avatar\/96253f4a657b482a18e837c1252096c2?s=50&d=mm&r=g","fifu_image_alt":"Tunisie \u2013 Les responsables du protocole \u00e0 l\u2019a\u00e9roport vont se rendre coupables d\u2019un massacre","footnotes":""},"categories":[73,55],"tags":[],"class_list":["post-115276","post","type-post","status-publish","format-standard","hentry","category-actualite","category-tunisie"],"_links":{"self":[{"href":"https:\/\/linitiative.ca\/International\/wp-json\/wp\/v2\/posts\/115276","targetHints":{"allow":["GET"]}}],"collection":[{"href":"https:\/\/linitiative.ca\/International\/wp-json\/wp\/v2\/posts"}],"about":[{"href":"https:\/\/linitiative.ca\/International\/wp-json\/wp\/v2\/types\/post"}],"author":[{"embeddable":true,"href":"https:\/\/linitiative.ca\/International\/wp-json\/wp\/v2\/users\/1789"}],"replies":[{"embeddable":true,"href":"https:\/\/linitiative.ca\/International\/wp-json\/wp\/v2\/comments?post=115276"}],"version-history":[{"count":0,"href":"https:\/\/linitiative.ca\/International\/wp-json\/wp\/v2\/posts\/115276\/revisions"}],"wp:attachment":[{"href":"https:\/\/linitiative.ca\/International\/wp-json\/wp\/v2\/media?parent=115276"}],"wp:term":[{"taxonomy":"category","embeddable":true,"href":"https:\/\/linitiative.ca\/International\/wp-json\/wp\/v2\/categories?post=115276"},{"taxonomy":"post_tag","embeddable":true,"href":"https:\/\/linitiative.ca\/International\/wp-json\/wp\/v2\/tags?post=115276"}],"curies":[{"name":"wp","href":"https:\/\/api.w.org\/{rel}","templated":true}]}}