{"id":115278,"date":"2021-04-20T16:33:05","date_gmt":"2021-04-20T20:33:05","guid":{"rendered":"https:\/\/linitiative.ca\/International\/tunisie-machrouu-tounes-denonce-le-matraquage-du-president-kais-saied\/"},"modified":"2021-04-20T16:33:05","modified_gmt":"2021-04-20T20:33:05","slug":"tunisie-machrouu-tounes-denonce-le-matraquage-du-president-kais-saied","status":"publish","type":"post","link":"https:\/\/linitiative.ca\/International\/tunisie-machrouu-tounes-denonce-le-matraquage-du-president-kais-saied\/","title":{"rendered":"Tunisie: Machrouu Tounes d\u00e9nonce le matraquage du pr\u00e9sident Kais Saied"},"content":{"rendered":"<div class=\"post-cont-in left relative\">\n<div id=\"post-info-wrap\" class=\"left relative post-info-out\">\n<div class=\"post-info-img left relative\"><img decoding=\"async\" alt=\"\" src=\"https:\/\/secure.gravatar.com\/avatar\/ea481d7287ad38ca1787f44b5bb1b70e?s=50&amp;d=mm&amp;r=g\" srcset=\"https:\/\/secure.gravatar.com\/avatar\/ea481d7287ad38ca1787f44b5bb1b70e?s=100&amp;d=mm&amp;r=g 2x\" class=\"avatar avatar-50 photo\" height=\"50\" width=\"50\" loading=\"lazy\"\/><\/div>\n<div class=\"post-info-in\">\n<div class=\"post-info-right left relative post-info-name left relative\"><span><span class=\"post-info-text\">Par<\/span> <span class=\"author-name vcard fn author\"><a href=\"https:\/\/www.tunisienumerique.com\/author\/rania-ben-slimane\/\" title=\"Articles par rania ben slimane\" rel=\"author\">rania ben slimane<\/a><\/span><\/span> <span class=\"post-date updated\"><time class=\"post-date updated\" datetime=\"2021-04-20\">\u00a0| Il y a 31 secondes<\/time><\/span><br \/>\n<meta itemprop=\"dateModified\" content=\"2021-04-20\"\/><\/div>\n<div class=\"left relative\"><button id=\"listenButton1\" class=\"responsivevoice-button\" type=\"button\" value=\"Play\" title=\"\u00c9coutez l'article\"><span>\ud83d\udd0a \u00c9coutez l&rsquo;article<\/span><\/button>\n<\/div>\n<\/div>\n<\/div>\n<p>Le parti Machrouu Tounes a annonc\u00e9 dans un communiqu\u00e9 rendu public le 20 avril 2021, qu\u2019il suit de pr\u00e8s l\u2019\u00e9volution de la situation sanitaire, socio-\u00e9conomique et politique dans le pays.<\/p>\n<div class=\"code-block code-block-1 c4\">\n <ins class=\"adsbygoogle c3\" data-ad-layout=\"in-article\" data-ad-format=\"fluid\" data-ad-client=\"ca-pub-2102118777505746\" data-ad-slot=\"7301775417\"\/>\n<\/div>\n<p>De ce fait, il a mis en garde contre les cons\u00e9quences n\u00e9fastes du conflit de pr\u00e9rogatives entre le pr\u00e9sident de la R\u00e9publique et le Chef du gouvernement, indiquant qu\u2019il r\u00e9sulte d\u2019un syst\u00e8me politique et constitutionnel d\u00e9pass\u00e9, ne r\u00e9pondant plus aux questions du moment.<\/p>\n<p>Dans ce cadre, il a rappel\u00e9 qu\u2019il est l\u2019un des premiers \u00e0 exiger la tenue d\u2019un congr\u00e8s de pourparlers et de sauvetage sous la supervision du pr\u00e9sident de la R\u00e9publique et toutes les composantes nationales.<\/p>\n<p>En outre, le parti a d\u00e9nonc\u00e9 la campagne de diffamation orchestr\u00e9e par le mouvement Ennahdha contre le pr\u00e9sident Kais Saied, ajoutant que le parquet est en train d\u2019examiner cette affaire, et sur cette base, il sollicite le tribunal \u00e0 prendre toutes les mesures juridiques n\u00e9cessaires pour mettre fin \u00e0 la d\u00e9gringolade de la situation politique.<\/p>\n<p>Dans un autre contexte, il a estim\u00e9 que le gouvernement est directement responsable quant au d\u00e9c\u00e8s des victimes en raison du retard d\u2019approvisionnement en vaccins anti Covid-19, son herm\u00e9tisme et son h\u00e9sitation quant \u00e0 la prise des mesures dans le cadre de la gestion de la crise sanitaire.<\/p>\n<p>Concernant la libert\u00e9 des m\u00e9dias, le parti a affirm\u00e9 son soutien aux journalistes et a salu\u00e9 leur militantisme.<\/p>\n<div class=\"swp_social_panel swp_horizontal_panel swp_flat_fresh swp_default_full_color swp_individual_full_color swp_other_full_color scale-100 scale-\" data-min-width=\"1100\" data-float-color=\"#ffffff\" data-float=\"bottom\" data-float-mobile=\"bottom\" data-transition=\"slide\">\n<div class=\"nc_tweetContainer swp_share_button total_shares total_sharesalt\"><span class=\"swp_count\">0 <span class=\"swp_label\">Partages<\/span><\/span><\/div>\n<\/div>\n<p><strong>Que se passe-t-il en Tunisie?<\/strong><br \/>Nous expliquons sur notre <a href=\"https:\/\/www.youtube.com\/channel\/UCRzypVq0B_yBad5eGrwBx0Q?sub_confirmation=1\" target=\"_blank\" rel=\"noopener\">cha\u00eene YouTube<\/a> . <a href=\"https:\/\/www.youtube.com\/channel\/UCRzypVq0B_yBad5eGrwBx0Q?sub_confirmation=1\" target=\"_blank\" rel=\"noopener\">Abonnez-vous!<\/a><\/p>\n<div class=\"mvp-org-wrap\" itemprop=\"publisher\">\n<div class=\"mvp-org-logo\" itemprop=\"logo\"><img decoding=\"async\" src=\"https:\/\/www.tunisienumerique.com\/wp-content\/uploads\/2017\/02\/logo_tunisie_numerique.png\"\/><br \/>\n<meta itemprop=\"url\" content=\"https:\/\/www.tunisienumerique.com\/wp-content\/uploads\/2017\/02\/logo_tunisie_numerique.png\"\/><\/div>\n<p><meta content=\"Tunisie\"\/><\/div>\n<div class=\"mvp-related-posts left relative\">\n<h4 class=\"post-header\"><span class=\"post-header\">Lire aussi<\/span><\/h4>\n<\/div>\n<div id=\"article-ad\">\n <ins class=\"adsbygoogle c5\" data-ad-client=\"ca-pub-2102118777505746\" data-ad-slot=\"6513972734\" data-ad-format=\"auto\" data-full-width-responsive=\"true\"\/>\n<\/div>\n<\/div>\n<div id=\"post-sidebar-wrap\">\n <ins class=\"adsbygoogle c5\" data-ad-client=\"ca-pub-2102118777505746\" data-ad-slot=\"6168283410\" data-ad-format=\"auto\" data-full-width-responsive=\"true\"\/>\n<\/div>\n<p>Auteur: rania ben slimane<br \/>\n<a href=\"https:\/\/www.tunisienumerique.com\/tunisie-machrouu-tounes-denonce-le-matraquage-du-president-kais-saied\/\">Cliquez ici pour lire l&rsquo;article depuis sa source.<\/a><\/p>\n","protected":false},"excerpt":{"rendered":"<p>Par rania ben slimane \u00a0| Il y a 31 secondes \ud83d\udd0a \u00c9coutez l&rsquo;article Le parti Machrouu Tounes a annonc\u00e9 dans un communiqu\u00e9 rendu public le 20 avril 2021, qu\u2019il suit de pr\u00e8s l\u2019\u00e9volution de la situation sanitaire, socio-\u00e9conomique et politique dans le pays. De ce fait, il a mis en garde contre les cons\u00e9quences n\u00e9fastes [&hellip;]<\/p>\n","protected":false},"author":1789,"featured_media":0,"comment_status":"closed","ping_status":"closed","sticky":false,"template":"","format":"standard","meta":{"fifu_image_url":"https:\/\/secure.gravatar.com\/avatar\/ea481d7287ad38ca1787f44b5bb1b70e?s=50&d=mm&r=g","fifu_image_alt":"Tunisie: Machrouu Tounes d\u00e9nonce le matraquage du pr\u00e9sident Kais Saied","footnotes":""},"categories":[73,55],"tags":[],"class_list":["post-115278","post","type-post","status-publish","format-standard","hentry","category-actualite","category-tunisie"],"_links":{"self":[{"href":"https:\/\/linitiative.ca\/International\/wp-json\/wp\/v2\/posts\/115278","targetHints":{"allow":["GET"]}}],"collection":[{"href":"https:\/\/linitiative.ca\/International\/wp-json\/wp\/v2\/posts"}],"about":[{"href":"https:\/\/linitiative.ca\/International\/wp-json\/wp\/v2\/types\/post"}],"author":[{"embeddable":true,"href":"https:\/\/linitiative.ca\/International\/wp-json\/wp\/v2\/users\/1789"}],"replies":[{"embeddable":true,"href":"https:\/\/linitiative.ca\/International\/wp-json\/wp\/v2\/comments?post=115278"}],"version-history":[{"count":0,"href":"https:\/\/linitiative.ca\/International\/wp-json\/wp\/v2\/posts\/115278\/revisions"}],"wp:attachment":[{"href":"https:\/\/linitiative.ca\/International\/wp-json\/wp\/v2\/media?parent=115278"}],"wp:term":[{"taxonomy":"category","embeddable":true,"href":"https:\/\/linitiative.ca\/International\/wp-json\/wp\/v2\/categories?post=115278"},{"taxonomy":"post_tag","embeddable":true,"href":"https:\/\/linitiative.ca\/International\/wp-json\/wp\/v2\/tags?post=115278"}],"curies":[{"name":"wp","href":"https:\/\/api.w.org\/{rel}","templated":true}]}}