{"id":115280,"date":"2021-04-20T15:32:28","date_gmt":"2021-04-20T19:32:28","guid":{"rendered":"https:\/\/linitiative.ca\/International\/mort-de-idriss-deby\/"},"modified":"2021-04-20T15:32:28","modified_gmt":"2021-04-20T19:32:28","slug":"mort-de-idriss-deby","status":"publish","type":"post","link":"https:\/\/linitiative.ca\/International\/mort-de-idriss-deby\/","title":{"rendered":"MORT DE IDRISS DEBY  \u00a0"},"content":{"rendered":"<p class=\"c4\"><em>Il a r\u00e9gn\u00e9 par les armes et il a p\u00e9ri par les armes. L\u2019homme se croyait indispensable. C\u2019\u00e9tait oublier que le \u00ab\u00a0cimeti\u00e8re\u00a0 est rempli de gens indispensables\u00a0\u00bb. \u00ab\u00a0Vanit\u00e9 des vanit\u00e9s, tout est vanit\u00e9\u00a0\u00bb\u00a0! La nouvelle est tomb\u00e9e comme un couperet, aussi surprenante qu\u2019incroyable. Le dictateur tchadien, arriv\u00e9 par coup d\u2019Etat au pouvoir et qui dirigeait son pays d\u2019une main de fer dans un gant\u2026 d\u2019acier depuis trente ans, est mort. Mort, selon plusieurs sources, de blessures re\u00e7ues au front au cours de combats contre des rebelles qui avaient jur\u00e9 sa perte en lan\u00e7ant, il y a de cela une dizaine de jours, une offensive dans le Nord du pays, avec Ndjamena, la capitale, en ligne de mire. L\u2019annonce a \u00e9t\u00e9 faite le mardi 20 avril 2021 \u00e0 la t\u00e9l\u00e9vision tchadienne, par un officier sup\u00e9rieur de l\u2019arm\u00e9e, le G\u00e9n\u00e9ral Azem Bermandoa Agouna, en ces termes\u00a0: \u00ab\u00a0Le pr\u00e9sident de la R\u00e9publique, chef de l\u2019Etat, chef supr\u00eame des arm\u00e9es, Idriss Deby Itno, vient de conna\u00eetre son dernier souffle en d\u00e9fendant l\u2019int\u00e9grit\u00e9 territoriale sur le champ de bataille. C\u2019est avec une profonde amertume que nous annon\u00e7ons au peuple tchadien, le d\u00e9c\u00e8s, ce mardi 20 avril 2021, du mar\u00e9chal du Tchad\u00a0\u00bb.<\/em><\/p>\n<p class=\"c4\"><em>\u00a0<\/em><\/p>\n<p class=\"c6\"><em>L<strong>e Tchad saura-t-il tenir le m\u00eame r\u00f4le et la m\u00eame place dans la lutte contre le terrorisme au Sahel\u00a0?<\/strong><\/em><\/p>\n<p class=\"c4\"><em>\u00a0<\/em><\/p>\n<p class=\"c4\"><em>\u00a0Une nouvelle qui est venue \u00e9clipser totalement celle de sa r\u00e9\u00e9lection, tomb\u00e9e quelques heures plus t\u00f4t, \u00e0 \u00a0un sixi\u00e8me mandat avec un score de 79,32% des suffrages. Si le destin du mar\u00e9chal\u2013pr\u00e9sident \u00e9tait de ne jamais \u00e9trenner ce mandat de trop, reste que sa mort qui est une victoire ou \u00e0 tout le moins, une consolation pour les rebelles, ouvre une p\u00e9riode d\u2019incertitudes pour son pays. Deby aurait fait plus t\u00f4t valoir ses droits \u00e0 la retraite qu\u2019il n\u2019aurait pas quitt\u00e9 atrocement la sc\u00e8ne politique tchadienne. Peut-\u00eatre peut-on esp\u00e9rer que son cas serve de le\u00e7on \u00e0 d\u2019autres satrapes\u00a0 du continent qui refusent de s\u2019imaginer une autre\u00a0 vie en dehors du pouvoir. Cela dit, quels lendemains alors pour le Tchad et, au-del\u00e0, quel peut \u00eatre l\u2019impact de cette mort sur la lutte contre le terrorisme au Sahel\u00a0? La question est d\u2019autant plus fond\u00e9e que nul n\u2019ignore le r\u00f4le de pilier que le d\u00e9sormais d\u00e9funt pr\u00e9sident tchadien jouait dans la lutte contre les forces du mal dans la bande sah\u00e9lo-saharienne o\u00f9 ses troupes se sont fait une r\u00e9putation non surfaite de \u00ab\u00a0casseurs de djihadistes\u00a0\u00bb et de combattants intr\u00e9pides ne reculant pas devant le danger. D\u00e9by avait aussi fait parler de lui dans le bassin du Lac Tchad o\u00f9 il n\u2019h\u00e9sitait pas \u00e0 traquer les troupes de Boko Haram jusque dans leurs chiottes. Ce n\u2019est pas pour rien qu\u2019apr\u00e8s les hauts faits d\u2019armes des soldats tchadiens dans les Ifhogas maliens, \u00a0le r\u00e9cent red\u00e9ploiement d\u2019un fort contingent dans le \u00ab\u00a0triangle de la mort\u00a0\u00bb, \u00e0 la zone des trois fronti\u00e8res entre le Mali, la Burkina Faso et le Niger, a \u00e9t\u00e9 accueilli avec enthousiasme. Et ce n\u2019est pas pour rien non plus qu\u2019en d\u00e9pit des croupi\u00e8res qu\u2019il taillait \u00e0 la d\u00e9mocratie, le d\u00e9sormais ex-homme fort du Tchad restait un fid\u00e8le alli\u00e9 de Paris. Avec sa disparition, le Tchad saura-t-il tenir le m\u00eame r\u00f4le et la m\u00eame place dans la lutte contre le terrorisme au Sahel\u00a0?\u00a0 Au-del\u00e0, on se demande ce que fera \u00e0 pr\u00e9sent la France qui semblait compter beaucoup sur le Tchad de Idriss Deby dans sa volont\u00e9 de voir les pays du G5 Sahel assumer le relais militaire voire politique de son engagement au Sahel,\u00a0devenu de plus en plus pesant. \u00a0On attend de voir. De voir surtout comment, au plan interne, la situation va \u00e9voluer au Tchad.<\/em><\/p>\n<p class=\"c4\"><em>\u00a0<\/em><\/p>\n<p class=\"c6\"><strong><em>Le peuple tchadien est mal barr\u00e9\u00a0face \u00e0 ce qui s\u2019apparente \u00e0 une \u00a0succession dynastique du pouvoir<\/em><\/strong><\/p>\n<p class=\"c4\"><em>\u00a0<\/em><\/p>\n<p class=\"c4\"><em>Car, aussi surprenante qu\u2019ait \u00e9t\u00e9 la nouvelle de la mort du Warrior, elle reste encore entour\u00e9e de myst\u00e8re. Tout comme le timing de l\u2019annonce de sa disparition tragique sit\u00f4t sa r\u00e9\u00e9lection proclam\u00e9e,\u00a0 reste aussi troublant.\u00a0<\/em> <em>Toujours est-il que depuis l\u2019attaque du domicile de l\u2019opposant candidat Yaya Dillo, il s\u2019\u00e9tait install\u00e9 un vrai malaise au sein de l\u2019arm\u00e9e tchadienne. Deby a-t-il pu \u00eatre victime du pourrissement de cette situation\u00a0? Il n\u2019\u00e9tait certainement pas militaire \u00e0 se tourner les pouces dans son palais, certes. Mais quel besoin avait-il de se retrouver au front en plein milieu des combats, sachant le danger auquel il s\u2019exposait\u00a0? \u00a0S\u2019il s\u2019\u00e9tait senti pousser des ailes apr\u00e8s ses derniers exploits sur le front, suite auxquels il s\u2019\u00e9tait fait bombarder\u00a0 Mar\u00e9chal, eh bien, la derni\u00e8re exp\u00e9dition punitive du \u00ab\u00a0guerrier du d\u00e9sert\u00a0\u00bb,\u00a0 cette fois-ci contre des rebelles, aura \u00e9t\u00e9, h\u00e9las, celle de trop !\u00a0<\/em> <em>D\u00e9by mort, pourquoi un Conseil militaire de transition, qui plus est sous la houlette de D\u00e9by fils, pour prendre le relais, au d\u00e9triment de la Constitution\u00a0? Est-ce une d\u00e9cision prise \u00e0 la h\u00e2te, sur le vif ou bien les choses \u00e9taient-elles pr\u00e9par\u00e9es \u00e0 l\u2019avance ? Quoi qu\u2019il en soit, la rapidit\u00e9 de la d\u00e9cision n\u2019est pas anodine. Le pouvoir ne doit pas \u00e9chapper aux mains du clan. \u00a0Toute chose qui pousse \u00e0 s\u2019interroger sur l\u2019avenir du Tchad avec cette forme de \u00a0\u00ab\u00a0confiscation \u00bb du pouvoir qui ne manquera pas de raviver les tensions. Car, en ne respectant pas la l\u00e9galit\u00e9 constitutionnelle, l\u2019autoproclam\u00e9 Conseil militaire de transition \u00a0qui vient de dissoudre les institutions de la R\u00e9publique, prend en otage le pouvoir.\u00a0<\/em> <em>Si ce n\u2019est pas un coup d\u2019Etat, cela y ressemble fort. En tout \u00e9tat de cause, en attendant de conna\u00eetre les intentions de D\u00e9by fils, on peut dire que le peuple tchadien est mal barr\u00e9 face \u00e0 ce qui s\u2019apparente \u00e0 une \u00a0succession dynastique du pouvoir, dans des r\u00e8gles inconstitutionnelles. C\u2019est bien dommage ! Dire qu\u2019avec la disparition du dictateur, le Tchad avait l\u2019occasion de repartir du bon pied, au moment o\u00f9 le destin semblait lui tendre la main pour l\u2019installation d\u2019un r\u00e9gime v\u00e9ritablement d\u00e9mocratique. Comme quoi, avec Deby, la d\u00e9mocratie \u00e9tait un leurre, apr\u00e8s Deby, la d\u00e9mocratie va\u00a0 certainement\u00a0 devoir encore attendre. \u00a0Mais\u00a0 tout d\u00e9pendra de la capacit\u00e9 du peuple tchadien\u00a0 \u00e0 mettre fin \u00e0 ses souffrances endur\u00e9es depuis plus\u00a0 de \u00a0 trois d\u00e9cennies.<\/em><\/p>\n<p class=\"c4\"><em>\u00a0<\/em><\/p>\n<p class=\"c6\"><strong><em>\u00a0\u00ab\u00a0Le Pays\u00a0\u00bb<\/em><\/strong><\/p>\n<p class=\"c4\"><em>\u00a0<\/em><\/p>\n<p>Auteur: Editions LEPAYS<br \/>\n<a href=\"https:\/\/lepays.bf\/mort-de-idriss-deby\/\">Cliquez ici pour lire l&rsquo;article depuis sa source.<\/a><\/p>\n","protected":false},"excerpt":{"rendered":"<p>Il a r\u00e9gn\u00e9 par les armes et il a p\u00e9ri par les armes. L\u2019homme se croyait indispensable. C\u2019\u00e9tait oublier que le \u00ab\u00a0cimeti\u00e8re\u00a0 est rempli de gens indispensables\u00a0\u00bb. \u00ab\u00a0Vanit\u00e9 des vanit\u00e9s, tout est vanit\u00e9\u00a0\u00bb\u00a0! La nouvelle est tomb\u00e9e comme un couperet, aussi surprenante qu\u2019incroyable. Le dictateur tchadien, arriv\u00e9 par coup d\u2019Etat au pouvoir et qui dirigeait [&hellip;]<\/p>\n","protected":false},"author":1813,"featured_media":0,"comment_status":"closed","ping_status":"closed","sticky":false,"template":"","format":"standard","meta":{"fifu_image_url":"","fifu_image_alt":"","footnotes":""},"categories":[73,81],"tags":[],"class_list":["post-115280","post","type-post","status-publish","format-standard","hentry","category-actualite","category-burkina-faso"],"_links":{"self":[{"href":"https:\/\/linitiative.ca\/International\/wp-json\/wp\/v2\/posts\/115280","targetHints":{"allow":["GET"]}}],"collection":[{"href":"https:\/\/linitiative.ca\/International\/wp-json\/wp\/v2\/posts"}],"about":[{"href":"https:\/\/linitiative.ca\/International\/wp-json\/wp\/v2\/types\/post"}],"author":[{"embeddable":true,"href":"https:\/\/linitiative.ca\/International\/wp-json\/wp\/v2\/users\/1813"}],"replies":[{"embeddable":true,"href":"https:\/\/linitiative.ca\/International\/wp-json\/wp\/v2\/comments?post=115280"}],"version-history":[{"count":0,"href":"https:\/\/linitiative.ca\/International\/wp-json\/wp\/v2\/posts\/115280\/revisions"}],"wp:attachment":[{"href":"https:\/\/linitiative.ca\/International\/wp-json\/wp\/v2\/media?parent=115280"}],"wp:term":[{"taxonomy":"category","embeddable":true,"href":"https:\/\/linitiative.ca\/International\/wp-json\/wp\/v2\/categories?post=115280"},{"taxonomy":"post_tag","embeddable":true,"href":"https:\/\/linitiative.ca\/International\/wp-json\/wp\/v2\/tags?post=115280"}],"curies":[{"name":"wp","href":"https:\/\/api.w.org\/{rel}","templated":true}]}}